{"id":155631,"date":"2025-06-01T02:47:26","date_gmt":"2025-06-01T02:47:26","guid":{"rendered":"https:\/\/www.europesays.com\/de\/155631\/"},"modified":"2025-06-01T02:47:26","modified_gmt":"2025-06-01T02:47:26","slug":"chipwerk-planer-exyte-eroeffnet-niederlassung-in-dresden","status":"publish","type":"post","link":"https:\/\/www.europesays.com\/de\/155631\/","title":{"rendered":"Chipwerk-Planer \u201eExyte\u201c er\u00f6ffnet Niederlassung in Dresden"},"content":{"rendered":"<p>\t\t<a href=\"https:\/\/www.europesays.com\/de\/wp-content\/uploads\/2025\/06\/Subfab-Chipfabrik.jpg\"><img fetchpriority=\"high\" decoding=\"async\" aria-describedby=\"caption-attachment-193966\" data-attachment-id=\"193966\" data-permalink=\"https:\/\/oiger.de\/2025\/03\/25\/dresdner-software-soll-ressourcenhunger-von-chipfabriken-um-zwei-drittel-senken\/193965\/subfab-chipfabrik\" data-orig-file=\"https:\/\/www.europesays.com\/de\/wp-content\/uploads\/2025\/06\/Subfab-Chipfabrik.jpg\" data-orig-size=\"1000,1000\" data-comments-opened=\"0\" data-image-meta=\"{&quot;aperture&quot;:&quot;0&quot;,&quot;credit&quot;:&quot;&quot;,&quot;camera&quot;:&quot;&quot;,&quot;caption&quot;:&quot;&quot;,&quot;created_timestamp&quot;:&quot;0&quot;,&quot;copyright&quot;:&quot;&quot;,&quot;focal_length&quot;:&quot;0&quot;,&quot;iso&quot;:&quot;0&quot;,&quot;shutter_speed&quot;:&quot;0&quot;,&quot;title&quot;:&quot;&quot;,&quot;orientation&quot;:&quot;0&quot;}\" data-image-title=\"Subfab-Chipfabrik\" data-image-description=\"&lt;p&gt;Nur wenige Menschen bekommen sie je zu sehen: Die Subfabs der Chipfabriken versorgen die Produktions-Reinr\u00e4ume mit Strom, Gasen, Reinstwasser und anderen Ressourcen \u2013 und entsorgen die Abf\u00e4lle zum Schluss. Visualisierung: Gemini., Prompt: hw&lt;\/p&gt;&#10;\" data-image-caption=\"&lt;p&gt;Nur wenige Menschen bekommen sie je zu sehen: Die Subfabs der Chipfabriken versorgen die Produktions-Reinr\u00e4ume mit Strom, Gasen, Reinstwasser und anderen Ressourcen \u2013 und entsorgen die Abf\u00e4lle zum Schluss. Visualisierung: Gemini., Prompt: hw&lt;\/p&gt;&#10;\" data-medium-file=\"https:\/\/oiger.de\/wp-content\/uploads\/Subfab-Chipfabrik-300x300.jpg\" data-large-file=\"https:\/\/oiger.de\/wp-content\/uploads\/Subfab-Chipfabrik-600x600.jpg\" class=\"size-full wp-image-193966\" src=\"https:\/\/www.europesays.com\/de\/wp-content\/uploads\/2025\/06\/Subfab-Chipfabrik.jpg\" alt=\"Nur wenige Menschen bekommen sie je zu sehen: Die Subfabs der Chipfabriken versorgen die Produktions-Reinr\u00e4ume mit Strom, Gasen, Reinstwasser und anderen Ressourcen - und entsorgen die Abf\u00e4lle zum Schluss. Visualisierung: Gemini., Prompt: hw\" width=\"1000\" height=\"1000\"  \/><\/a><\/p>\n<p id=\"caption-attachment-193966\" class=\"wp-caption-text\">Nur wenige Menschen bekommen sie je zu sehen: Die Subfabs der Chipfabriken versorgen die Produktions-Reinr\u00e4ume mit Strom, Gasen, Reinstwasser und anderen Ressourcen \u2013 und entsorgen die Abf\u00e4lle zum Schluss. Diese besonderen Infrastrukturen f\u00fcr die Chipproduktion sind eine Spezialisierung von Exyte. Visualisierung: Gemini., Prompt: hw<\/p>\n<p>Milliarden-Projekte von TSMC, Infineon &amp; Co. ziehen ehemalige \u201eMei\u00dfner + Wurst\u201c-Ingenieure wieder vermehrt ins \u201eSilicon Saxony\u201c<\/p>\n<p><strong>Dresden<\/strong>, 30. Mai 2025. Das Chipfabrik-Bauunternehmen \u201eExyte\u201c, das fr\u00fcher als \u201eMeissner und Wurst\u201c bekannt war, hat wieder eine eigene Niederlassung im \u201eSilicon Saxony\u201c eingerichtet. Damit tr\u00e4gt das Stuttgarter Unternehmen dem Halbleiter-Boom in Dresden Rechnung. Das haben <a href=\"https:\/\/www.exyte.net\/de-DE\/Newsroom\/Exyte-Opens-new-Engineering-and-Project-Hub-in-Dresden\" rel=\"nofollow noopener\" target=\"_blank\">Exyte<\/a> und die Stadt Dresden mitgeteilt.<\/p>\n<p>\u201eWichtiger Schritt f\u00fcr das Halbleitergesch\u00e4ft in Deutschland\u201c<\/p>\n<p>\u201eDie St\u00e4rkung unserer Pr\u00e4senz in Silicon Saxony ist ein wichtiger Schritt f\u00fcr das Halbleitergesch\u00e4ft von Exyte in Deutschland und unterstreicht unser Engagement f\u00fcr regionale Innovationen\u201c, betont Exyte-Chef Wolfgang B\u00fcchele. \u201eWir sind stolz darauf, in Dresden hochwertige Ingenieurarbeitspl\u00e4tze zu schaffen und planen, unsere Pr\u00e4senz in der Region weiter auszubauen.\u201c<\/p>\n<p>Planungsb\u00fcros f\u00fcr 150 Besch\u00e4ftigte im Preu\u00dfischen Viertel<\/p>\n<p>Die Planungs- und Projektierungs-B\u00fcros befinden sich an der Radeberger Stra\u00dfe im Preu\u00dfischen Viertel von Dresden. Sie verteilen sich auf f\u00fcnf Etagen, umfassen insgesamt 2700 Quadratmetern und bieten Platz f\u00fcr bis zu 150 Besch\u00e4ftigte.<\/p>\n<p>Schwaben stellten urspr\u00fcnglich Holzwerkstatt-Absauger und Geh\u00e4cksel-Pressen her<\/p>\n<p>Das Unternehmen wurde 1912 durch Karl Meissner und Paul Wurst (\u201eM+W\u201c) gegr\u00fcndet und stellte zun\u00e4chst <a href=\"https:\/\/www.exyte.net\/de-DE\/About-Us\/History\" rel=\"nofollow noopener\" target=\"_blank\">Hackschnitzelpressen<\/a> und <a href=\"https:\/\/de.wikipedia.org\/wiki\/Exyte\" rel=\"nofollow noopener\" target=\"_blank\">Absaug-Anlagen<\/a> f\u00fcr Holzbetriebe her. Ab den 1960er Jahren spezialisierte sich M+W auf Reinraum-Anlagen f\u00fcr die Pharma- und Halbleiterindustrie sowie weitere Branchen, in denen es auf Sauberkeit w\u00e4hrend der Produktion besonders ankommt. In Deutschland und Europa geh\u00f6rten die Schwaben schlie\u00dflich zu den f\u00fchrenden Planern und Generalauftragnehmern f\u00fcr komplette Chipfabriken, die sie teils mit eigener, teils mit zugekauften Spezialanlagen ausr\u00fcsteten. Bereits ab den 1980er Jahren mehrten sich auch internationale Projekte jenseits von Europa, unter anderem aus Taiwan. In den 1990er Jahren r\u00fcsteten M+W einen Gro\u00dfteil der neuen Chipfabriken in Sachsen aus.<\/p>\n<p>1994 kaufte Jenoptik das Unternehmen \u2013 und machte insofern <a href=\"https:\/\/oiger.de\/2024\/07\/05\/zeiss-kombinat-wollte-zum-anbieter-ganzer-chipfabriken-aufsteigen\/191442\" rel=\"nofollow noopener\" target=\"_blank\">einen alten Traum von Carl-Zeiss-Jena-Generaldirektor Wolfgang Biermann aus DDR-Zeiten<\/a> in gewisser Weise wahr. 1998 schloss sich M+W mit der \u201eZander Klimatechnik\u201c zusammen und hie\u00df danach \u201eM+W Zander\u201c. 2018 benannten die \u201eMeissner und Wurst\u201c-Manager das Kerngesch\u00e4ft in \u201eExyte\u201c um und folgten damit dem Denglisch-Trend in der deutschen Wirtschaft.<\/p>\n<p>Bereits zahlreiche Fabs in Dresden geplant und ausger\u00fcstet<\/p>\n<p>In Dresden war und ist M+W alias Exyte seit der Nachwende-Zeit vertreten, vor allem durch Ingenieure, Techniker und Spezialisten auf den Chipfabrik-Baustellen. Bereits 2011 hatte M+W <a href=\"https:\/\/oiger.de\/2011\/06\/30\/ausruster-mw-grundet-firma-in-dresden\/21\" rel=\"nofollow noopener\" target=\"_blank\">eine Tochter in Dresden gegr\u00fcndet<\/a>. Nach der Qimonda-Pleite und Chipkrise wurden eine Zeitlang weniger neue Fabs im Raum Dresden gebaut, dadurch gab es auch f\u00fcr die Schwaben weniger in Sachsen zu tun. In dieser Zeit spielte \u201edie Musike\u201c in der internationalen Mikroelektronik ohnehin eher in Taiwan und S\u00fcdkorea, wo auch <a href=\"https:\/\/oiger.de\/2025\/02\/24\/chipfabrik-bau-im-westen-doppelt-so-lange-und-teuer-wie-in-taiwan\/193693\" rel=\"nofollow noopener\" target=\"_blank\">die Chipfabrik-Baukosten und die Bauzeiten viel niedriger sind als im Westen.<\/a><\/p>\n<p>Die j\u00fcngsten Investitionen von Infineon, TSMC, Jenoptik, X-Fab und anderen Unternehmen im \u201eSilicon Saxony\u201c haben wieder f\u00fcr mehr Auftr\u00e4ge f\u00fcr Zulieferer und Ausr\u00fcster gesorgt. Dadurch lohnen sich jetzt auch eigene Niederlassungen wie die von Exyte in Dresden mehr als fr\u00fcher. Insofern kann man die neue Exyte-Niederlassung durchaus zu den Sogeffekten der TSMC-Ansiedlung z\u00e4hlen.<\/p>\n<p><a href=\"https:\/\/www.europesays.com\/de\/wp-content\/uploads\/2025\/06\/Hilbert-1-15a.jpg\"><img loading=\"lazy\" decoding=\"async\" aria-describedby=\"caption-attachment-41817\" data-attachment-id=\"41817\" data-permalink=\"https:\/\/oiger.de\/2015\/01\/20\/wegen-pegida-hilbert-will-schlichter-richter-fuer-stadt-dresden-anheuern\/41813\/hilbert-1-15a\" data-orig-file=\"https:\/\/www.europesays.com\/de\/wp-content\/uploads\/2025\/06\/Hilbert-1-15a.jpg\" data-orig-size=\"405,325\" data-comments-opened=\"1\" data-image-meta=\"{&quot;aperture&quot;:&quot;0&quot;,&quot;credit&quot;:&quot;&quot;,&quot;camera&quot;:&quot;&quot;,&quot;caption&quot;:&quot;&quot;,&quot;created_timestamp&quot;:&quot;0&quot;,&quot;copyright&quot;:&quot;&quot;,&quot;focal_length&quot;:&quot;0&quot;,&quot;iso&quot;:&quot;0&quot;,&quot;shutter_speed&quot;:&quot;0&quot;,&quot;title&quot;:&quot;&quot;,&quot;orientation&quot;:&quot;0&quot;}\" data-image-title=\"Hilbert-1-15a\" data-image-description=\"&lt;p&gt;Dresdens Wirtschaftsb\u00fcrgermeister und O-Kandidat Dirk Hilbert (FDP). Foto: Heiko Weckbrodt&lt;\/p&gt;&#10;\" data-image-caption=\"&lt;p&gt;Dresdens Wirtschaftsb\u00fcrgermeister und O-Kandidat Dirk Hilbert (FDP). Foto: Heiko Weckbrodt&lt;\/p&gt;&#10;\" data-medium-file=\"https:\/\/oiger.de\/wp-content\/uploads\/Hilbert-1-15a-300x241.jpg\" data-large-file=\"https:\/\/www.europesays.com\/de\/wp-content\/uploads\/2025\/06\/Hilbert-1-15a.jpg\" class=\"size-full wp-image-41817\" src=\"https:\/\/www.europesays.com\/de\/wp-content\/uploads\/2025\/06\/Hilbert-1-15a.jpg\" alt=\"Dresdens Wirtschaftsb\u00fcrgermeister und O-Kandidat Dirk Hilbert (FDP). Foto: Heiko Weckbrodt\" width=\"405\" height=\"325\"  \/><\/a><\/p>\n<p id=\"caption-attachment-41817\" class=\"wp-caption-text\">Dirk Hilbert. Foto: Heiko Weckbrodt<\/p>\n<p>Oberb\u00fcrgermeister: Niederlassung st\u00e4rkt Silicon Saxony als Drehscheibe f\u00fcr Innovation<\/p>\n<p>\u201eDie erweiterte Pr\u00e4senz von Exyte in Dresden und Sachsen unterstreicht die wachsende Bedeutung von Silicon Saxony als Drehscheibe f\u00fcr Innovation und Spitzentechnologie\u201c, freut sich dementsprechend der Dresdner Oberb\u00fcrgermeister Dirk Hilbert (FDP). \u201eDieser Schritt st\u00e4rkt die lokale Wirtschaft und schafft zukunftssichere Arbeitspl\u00e4tze.\u201c<\/p>\n<p>Autor: Heiko Weckbrodt<\/p>\n<p>Quellen: Exyte, LHD, Oiger-Archiv, Wikipedia<\/p>\n<p><img loading=\"lazy\" decoding=\"async\" width=\"285\" height=\"284\" data-attachment-id=\"80160\" data-permalink=\"https:\/\/oiger.de\/uber-uns\/oiger-001\" data-orig-file=\"https:\/\/www.europesays.com\/de\/wp-content\/uploads\/2025\/04\/Oiger-001.jpg\" data-orig-size=\"285,284\" data-comments-opened=\"0\" data-image-meta=\"{&quot;aperture&quot;:&quot;0&quot;,&quot;credit&quot;:&quot;&quot;,&quot;camera&quot;:&quot;&quot;,&quot;caption&quot;:&quot;&quot;,&quot;created_timestamp&quot;:&quot;0&quot;,&quot;copyright&quot;:&quot;&quot;,&quot;focal_length&quot;:&quot;0&quot;,&quot;iso&quot;:&quot;0&quot;,&quot;shutter_speed&quot;:&quot;0&quot;,&quot;title&quot;:&quot;&quot;,&quot;orientation&quot;:&quot;0&quot;}\" data-image-title=\"Oiger 001\" data-image-description=\"&lt;p&gt;Repro: Oiger, Original: Madeleine Arndt&lt;\/p&gt;&#10;\" data-image-caption=\"&lt;p&gt;Repro: Oiger, Original: Madeleine Arndt&lt;\/p&gt;&#10;\" data-medium-file=\"https:\/\/www.europesays.com\/de\/wp-content\/uploads\/2025\/04\/Oiger-001.jpg\" data-large-file=\"https:\/\/www.europesays.com\/de\/wp-content\/uploads\/2025\/04\/Oiger-001.jpg\" src=\"https:\/\/www.europesays.com\/de\/wp-content\/uploads\/2025\/04\/Oiger-001.jpg\" alt=\"Repro: Oiger, Original: Madeleine Arndt\" class=\"wp-image-80160\" style=\"width:130px;height:auto\"  \/><\/p>\n<p class=\"has-text-color has-link-color has-medium-font-size wp-elements-e7a7d44989b57757e168b6fff7193e32\" style=\"color:#185c84\"><strong>Ihre Unterst\u00fctzung f\u00fcr Oiger.de!<\/strong><\/p>\n<p class=\"has-text-color has-link-color wp-elements-918b69199ff2c1183b359612d6a15f37\" style=\"color:#154966\"><strong>Ohne hinreichende Finanzierung ist unabh\u00e4ngiger Journalismus nach professionellen Ma\u00dfst\u00e4ben nicht dauerhaft m\u00f6glich. Bitte unterst\u00fctzen Sie daher unsere Arbeit! Wenn Sie helfen wollen, Oiger.de aufrecht zu erhalten, senden Sie Ihren Beitrag mit dem Betreff \u201efreiwilliges Honorar\u201c via Paypal an:<\/strong><\/p>\n<p class=\"has-text-color has-link-color has-medium-font-size wp-elements-1d68a8c795acd498910475590afcb004\" style=\"color:#094d71\"><a href=\"http:\/\/paypal.me\/oigerDD\" rel=\"nofollow noopener\" target=\"_blank\"><strong>paypal.me\/oigerDD<\/strong><\/a><\/p>\n<p class=\"has-text-color has-link-color wp-elements-ff79d8b8ab8d3bdb7eb856fa4ab11715\" style=\"color:#104366\"><strong>Vielen Dank!<\/strong><\/p>\n<p>\n\t\u00c4hnliche Beitr\u00e4ge\n<\/p>\n<p>\n\t\u00c4hnliche Beitr\u00e4ge<\/p>\n","protected":false},"excerpt":{"rendered":"Nur wenige Menschen bekommen sie je zu sehen: Die Subfabs der Chipfabriken versorgen die Produktions-Reinr\u00e4ume mit Strom, Gasen,&hellip;\n","protected":false},"author":2,"featured_media":155632,"comment_status":"","ping_status":"","sticky":false,"template":"","format":"standard","meta":{"footnotes":""},"categories":[1835],"tags":[3364,29,2386,30,14509,14108,54813,54814,54815,859,7727],"class_list":{"0":"post-155631","1":"post","2":"type-post","3":"status-publish","4":"format-standard","5":"has-post-thumbnail","7":"category-dresden","8":"tag-de","9":"tag-deutschland","10":"tag-dresden","11":"tag-germany","12":"tag-halbleiter","13":"tag-mikroelektronik","14":"tag-niederlassung","15":"tag-projektierung","16":"tag-reinraum","17":"tag-sachsen","18":"tag-schwaben"},"share_on_mastodon":{"url":"https:\/\/pubeurope.com\/@de\/114605827292766808","error":""},"_links":{"self":[{"href":"https:\/\/www.europesays.com\/de\/wp-json\/wp\/v2\/posts\/155631","targetHints":{"allow":["GET"]}}],"collection":[{"href":"https:\/\/www.europesays.com\/de\/wp-json\/wp\/v2\/posts"}],"about":[{"href":"https:\/\/www.europesays.com\/de\/wp-json\/wp\/v2\/types\/post"}],"author":[{"embeddable":true,"href":"https:\/\/www.europesays.com\/de\/wp-json\/wp\/v2\/users\/2"}],"replies":[{"embeddable":true,"href":"https:\/\/www.europesays.com\/de\/wp-json\/wp\/v2\/comments?post=155631"}],"version-history":[{"count":0,"href":"https:\/\/www.europesays.com\/de\/wp-json\/wp\/v2\/posts\/155631\/revisions"}],"wp:featuredmedia":[{"embeddable":true,"href":"https:\/\/www.europesays.com\/de\/wp-json\/wp\/v2\/media\/155632"}],"wp:attachment":[{"href":"https:\/\/www.europesays.com\/de\/wp-json\/wp\/v2\/media?parent=155631"}],"wp:term":[{"taxonomy":"category","embeddable":true,"href":"https:\/\/www.europesays.com\/de\/wp-json\/wp\/v2\/categories?post=155631"},{"taxonomy":"post_tag","embeddable":true,"href":"https:\/\/www.europesays.com\/de\/wp-json\/wp\/v2\/tags?post=155631"}],"curies":[{"name":"wp","href":"https:\/\/api.w.org\/{rel}","templated":true}]}}