{"id":155637,"date":"2025-06-01T02:50:09","date_gmt":"2025-06-01T02:50:09","guid":{"rendered":"https:\/\/www.europesays.com\/de\/155637\/"},"modified":"2025-06-01T02:50:09","modified_gmt":"2025-06-01T02:50:09","slug":"niedersachsen-bremen-55-jaehrige-stirbt-bei-unfall-beifahrer-schwer-verletzt","status":"publish","type":"post","link":"https:\/\/www.europesays.com\/de\/155637\/","title":{"rendered":"Niedersachsen &#038; Bremen: 55-J\u00e4hrige stirbt bei Unfall &#8211; Beifahrer schwer verletzt"},"content":{"rendered":"<p>                    Niedersachsen &amp; Bremen<br \/>\n                55-J\u00e4hrige stirbt bei Unfall &#8211; Beifahrer schwer verletzt<\/p>\n<p>\t\t\t\t              01.06.2025, 02:03 Uhr<\/p>\n<p><strong>Auf einer Landstra\u00dfe prallt das Auto einer 55-J\u00e4hrigen gegen den Wagen eines Teenagers. Die Frau \u00fcberlebt den Unfall nicht. Drei weitere Menschen kommen in Kliniken &#8211; darunter ein Kind.<\/strong><\/p>\n<p>Wolfenb\u00fcttel (dpa\/lni) &#8211; Bei einem Unfall nahe Wolfenb\u00fcttel ist eine Autofahrerin ums Leben gekommen. Der Wagen der 55-J\u00e4hrigen stie\u00df am Samstagabend aus noch ungekl\u00e4rten Gr\u00fcnden auf einer Landstra\u00dfe zwischen Werlaburgdorf und Heiningen mit dem Auto eines 18-J\u00e4hrigen zusammen, wie die Polizei mitteilte. Die Frau erlag noch am Unfallort ihren Verletzungen, ihr Beifahrer wurde schwer verletzt ins Krankenhaus gebracht. Der 18 Jahre alte Fahrer des anderen Autos und ein 7 Jahre altes Kind auf dem Beifahrersitz wurden leicht verletzt.<\/p>\n","protected":false},"excerpt":{"rendered":"Niedersachsen &amp; Bremen 55-J\u00e4hrige stirbt bei Unfall &#8211; Beifahrer schwer verletzt 01.06.2025, 02:03 Uhr Auf einer Landstra\u00dfe prallt&hellip;\n","protected":false},"author":2,"featured_media":155638,"comment_status":"","ping_status":"","sticky":false,"template":"","format":"standard","meta":{"footnotes":""},"categories":[1824],"tags":[23702,2420,3364,29,30,1411,1284],"class_list":{"0":"post-155637","1":"post","2":"type-post","3":"status-publish","4":"format-standard","5":"has-post-thumbnail","7":"category-bremen","8":"tag-beifahrer","9":"tag-bremen","10":"tag-de","11":"tag-deutschland","12":"tag-germany","13":"tag-niedersachsen","14":"tag-unfall"},"share_on_mastodon":{"url":"https:\/\/pubeurope.com\/@de\/114605839036673123","error":""},"_links":{"self":[{"href":"https:\/\/www.europesays.com\/de\/wp-json\/wp\/v2\/posts\/155637","targetHints":{"allow":["GET"]}}],"collection":[{"href":"https:\/\/www.europesays.com\/de\/wp-json\/wp\/v2\/posts"}],"about":[{"href":"https:\/\/www.europesays.com\/de\/wp-json\/wp\/v2\/types\/post"}],"author":[{"embeddable":true,"href":"https:\/\/www.europesays.com\/de\/wp-json\/wp\/v2\/users\/2"}],"replies":[{"embeddable":true,"href":"https:\/\/www.europesays.com\/de\/wp-json\/wp\/v2\/comments?post=155637"}],"version-history":[{"count":0,"href":"https:\/\/www.europesays.com\/de\/wp-json\/wp\/v2\/posts\/155637\/revisions"}],"wp:featuredmedia":[{"embeddable":true,"href":"https:\/\/www.europesays.com\/de\/wp-json\/wp\/v2\/media\/155638"}],"wp:attachment":[{"href":"https:\/\/www.europesays.com\/de\/wp-json\/wp\/v2\/media?parent=155637"}],"wp:term":[{"taxonomy":"category","embeddable":true,"href":"https:\/\/www.europesays.com\/de\/wp-json\/wp\/v2\/categories?post=155637"},{"taxonomy":"post_tag","embeddable":true,"href":"https:\/\/www.europesays.com\/de\/wp-json\/wp\/v2\/tags?post=155637"}],"curies":[{"name":"wp","href":"https:\/\/api.w.org\/{rel}","templated":true}]}}