{"id":155639,"date":"2025-06-01T02:51:08","date_gmt":"2025-06-01T02:51:08","guid":{"rendered":"https:\/\/www.europesays.com\/de\/155639\/"},"modified":"2025-06-01T02:51:08","modified_gmt":"2025-06-01T02:51:08","slug":"kultur-und-natur-unesco-laedt-zum-welterbetag-ein-haller-kreisblatt","status":"publish","type":"post","link":"https:\/\/www.europesays.com\/de\/155639\/","title":{"rendered":"Kultur und Natur &#8211; Unesco l\u00e4dt zum Welterbetag ein | Haller Kreisblatt"},"content":{"rendered":"<p id=\"absatz1\" class=\"em_text\">Das Wattenmeer, der K\u00f6lner Dom und die Zeche Zollverein in Essen haben eins gemeinsam: Sie sind von der Unesco als Welterbest\u00e4tten ausgezeichnet, also als Orte von au\u00dfergew\u00f6hnlichem Wert f\u00fcr die gesamte Menschheit. 54 Welterbest\u00e4tten gibt es inzwischen in Deutschland. An diesem Sonntag l\u00e4dt die Deutsche Unesco-Kommission an diesen sch\u00fctzenswerten St\u00e4tten mit vielf\u00e4ltigen Aktionen zum 20. Mal zum Welterbetag ein.<\/p>\n<p id=\"absatz2\" class=\"em_text\">Bundesweit stehen laut Unesco mehr als 350 Veranstaltungen auf dem Programm. Von einer Taschenlampen-F\u00fchrung f\u00fcr Kinder durch die H\u00f6hlen der Schw\u00e4bischen Alb \u00fcber eine Bergbau-Erlebniswanderung im Erzgebirge bis hin zum Rap-Rundgang durch die Hamburger Speicherstadt.<\/p>\n<p id=\"absatz4\" class=\"em_text\">Zentral er\u00f6ffnet wird der Welterbetag unter dem Motto \u00abVermitteln, verbinden, begeistern\u00bb im nieders\u00e4chsischen Hildesheim. Der romanische Dom und die Michaeliskirche der rund 1.200 Jahre alten Stadt sind schon seit 1985 Weltkulturerbe.<\/p>\n<p>Entscheidung \u00fcber Schloss Neuschwanstein im Juli<\/p>\n<p id=\"absatz5\" class=\"em_text\">Weltweit gibt es inzwischen mehr als 1.200 Unesco-Welterbest\u00e4tten in 168 L\u00e4ndern, und die Liste erweitert sich jedes Jahr. Bereits nominiert sind die Schl\u00f6sser K\u00f6nig Ludwigs II. von Bayern: Neuschwanstein, Linderhof, Schachen und Herrenchiemsee &#8211; im Juli dieses Jahres entscheidet das Welterbekomitee, ob sie in die Welterbeliste aufgenommen werden.<\/p>\n<p id=\"absatz6\" class=\"em_text\">Mittlerweile sind einige Welterbest\u00e4tten l\u00e4nder\u00fcbergreifend. Die Alten Buchenw\u00e4lder Deutschlands wurden 2011 als Erweiterung der Buchenurw\u00e4lder der Karpaten in die Liste aufgenommen. Das 2009 aufgenommene Wattenmeer der Nordsee wurde 2014 um das d\u00e4nische Wattenmeer erweitert.<\/p>\n<p id=\"absatz7\" class=\"em_text\">In Niedersachsen k\u00f6nnen sich au\u00dferdem das Erzbergwerk Rammelsberg, die Altstadt von Goslar im Harz sowie die Oberharzer Wasserwirtschaft mit dem Titel schm\u00fccken. Das 1911 von dem Architekten und Bauhaus-Gr\u00fcnder Walter Gropius entworfene Fagus-Werk im s\u00fcdnieders\u00e4chsischen Alfeld steht seit 2011 auf der Welterbeliste.<\/p>\n","protected":false},"excerpt":{"rendered":"Das Wattenmeer, der K\u00f6lner Dom und die Zeche Zollverein in Essen haben eins gemeinsam: Sie sind von der&hellip;\n","protected":false},"author":2,"featured_media":155640,"comment_status":"","ping_status":"","sticky":false,"template":"","format":"standard","meta":{"footnotes":""},"categories":[1834],"tags":[16223,11284,3364,29,19404,3688,30,7509,1209,54817,2856,7289,54816,51695],"class_list":{"0":"post-155639","1":"post","2":"type-post","3":"status-publish","4":"format-standard","5":"has-post-thumbnail","7":"category-essen","8":"tag-klner-dom","9":"tag-zeche-zollverein","10":"tag-de","11":"tag-deutschland","12":"tag-erzgebirge","13":"tag-essen","14":"tag-germany","15":"tag-industriedenkmal","16":"tag-nordrhein-westfalen","17":"tag-schwbische-alb","18":"tag-unesco","19":"tag-wattenmeer","20":"tag-welterbesttte","21":"tag-welterbetag"},"share_on_mastodon":{"url":"https:\/\/pubeurope.com\/@de\/114605843067079435","error":""},"_links":{"self":[{"href":"https:\/\/www.europesays.com\/de\/wp-json\/wp\/v2\/posts\/155639","targetHints":{"allow":["GET"]}}],"collection":[{"href":"https:\/\/www.europesays.com\/de\/wp-json\/wp\/v2\/posts"}],"about":[{"href":"https:\/\/www.europesays.com\/de\/wp-json\/wp\/v2\/types\/post"}],"author":[{"embeddable":true,"href":"https:\/\/www.europesays.com\/de\/wp-json\/wp\/v2\/users\/2"}],"replies":[{"embeddable":true,"href":"https:\/\/www.europesays.com\/de\/wp-json\/wp\/v2\/comments?post=155639"}],"version-history":[{"count":0,"href":"https:\/\/www.europesays.com\/de\/wp-json\/wp\/v2\/posts\/155639\/revisions"}],"wp:featuredmedia":[{"embeddable":true,"href":"https:\/\/www.europesays.com\/de\/wp-json\/wp\/v2\/media\/155640"}],"wp:attachment":[{"href":"https:\/\/www.europesays.com\/de\/wp-json\/wp\/v2\/media?parent=155639"}],"wp:term":[{"taxonomy":"category","embeddable":true,"href":"https:\/\/www.europesays.com\/de\/wp-json\/wp\/v2\/categories?post=155639"},{"taxonomy":"post_tag","embeddable":true,"href":"https:\/\/www.europesays.com\/de\/wp-json\/wp\/v2\/tags?post=155639"}],"curies":[{"name":"wp","href":"https:\/\/api.w.org\/{rel}","templated":true}]}}