{"id":155730,"date":"2025-06-01T03:46:16","date_gmt":"2025-06-01T03:46:16","guid":{"rendered":"https:\/\/www.europesays.com\/de\/155730\/"},"modified":"2025-06-01T03:46:16","modified_gmt":"2025-06-01T03:46:16","slug":"nordrhein-westfalen-auffaelliger-geruch-im-treppenhaus-sek-im-einsatz","status":"publish","type":"post","link":"https:\/\/www.europesays.com\/de\/155730\/","title":{"rendered":"Nordrhein-Westfalen: Auff\u00e4lliger Geruch im Treppenhaus &#8211; SEK im Einsatz"},"content":{"rendered":"<p>                    Nordrhein-Westfalen<br \/>\n                Auff\u00e4lliger Geruch im Treppenhaus &#8211; SEK im Einsatz<\/p>\n<p>\t\t\t\t              31.05.2025, 16:54 Uhr<\/p>\n<p><strong>Polizei, SEK und Feuerwehr r\u00fccken in Solingen wegen eines auff\u00e4lligen Geruchs in einem Wohnhaus aus. Bewohner werden ausquartiert, eine T\u00fcr aufgebrochen. Was hat den Geruch ausgel\u00f6st?<\/strong><\/p>\n<p>Solingen (dpa\/lnw) &#8211; Ein auff\u00e4lliger Geruch im Treppenhaus eines Mehrfamilienhauses in Solingen l\u00f6ste am fr\u00fchen Samstagmorgen einen Gro\u00dfeinsatz von Polizei und Feuerwehr aus. Auch ein Spezial-Einsatzkommando wurde laut der Polizei Wuppertal hinzugezogen.\u00a0<\/p>\n<p>Die Bewohner in dem betreffenden Haus h\u00e4tten die Polizei kurz nach 04.00 Uhr informiert, als sie den Geruch wahrnahmen. Nicht ausgeschlossen werden konnte, dass er durch eine brennbare Substanz verursacht wurde.\u00a0<\/p>\n<p>Die Bewohner und Bewohnerinnen wurden von den Einsatzkr\u00e4ften aus dem Haus in einen von der Stadt Solingen bereitgestellten Bus gef\u00fchrt. Ein Bewohner konnte laut Polizei nicht erreicht werden. Weil nicht ausgeschlossen werden konnte, dass f\u00fcr den 51-J\u00e4hrigen eine Gefahr bestand, \u00f6ffnete das SEK die Wohnungst\u00fcr. Laut eines Polizeisprechers wurde der Mann wach und ansprechbar angetroffen. Er wurde ebenfalls aus dem Haus gef\u00fchrt.<\/p>\n<p>Ermittlungen zur Ursache und Hintergr\u00fcnden dauern an<\/p>\n<p>Eine unmittelbare Gefahr konnte bereits kurz nach Eintreffen der Einsatzkr\u00e4fte ausgeschlossen werden, sodass die Feuerwehr danach mit der L\u00fcftung des Hauses begann. Nach Einsatzende fanden die Bewohner Ausweichquartiere bei Freunden und Verwandten. Auch in der Nacht auf Sonntag d\u00fcrfen sie noch nicht in ihre Wohnungen zur\u00fcckkehren.<\/p>\n<p>Bis Sonntag soll dann gekl\u00e4rt sein, welche Substanz den Geruch ausgel\u00f6st hat. Gegenstand der Ermittlungen ist auch die Frage, wer f\u00fcr den Geruch verantwortlich war. Hierzu werde auch der 51 Jahre alte Bewohner des Hauses befragt.<\/p>\n","protected":false},"excerpt":{"rendered":"Nordrhein-Westfalen Auff\u00e4lliger Geruch im Treppenhaus &#8211; SEK im Einsatz 31.05.2025, 16:54 Uhr Polizei, SEK und Feuerwehr r\u00fccken in&hellip;\n","protected":false},"author":2,"featured_media":155731,"comment_status":"","ping_status":"","sticky":false,"template":"","format":"standard","meta":{"footnotes":""},"categories":[1840],"tags":[26851,54847,3364,29,588,30,1209,15103,18209,4418],"class_list":{"0":"post-155730","1":"post","2":"type-post","3":"status-publish","4":"format-standard","5":"has-post-thumbnail","7":"category-wuppertal","8":"tag-geruch","9":"tag-auffaelliger","10":"tag-de","11":"tag-deutschland","12":"tag-einsatz","13":"tag-germany","14":"tag-nordrhein-westfalen","15":"tag-sek","16":"tag-treppenhaus","17":"tag-wuppertal"},"share_on_mastodon":{"url":"https:\/\/pubeurope.com\/@de\/114606059376080581","error":""},"_links":{"self":[{"href":"https:\/\/www.europesays.com\/de\/wp-json\/wp\/v2\/posts\/155730","targetHints":{"allow":["GET"]}}],"collection":[{"href":"https:\/\/www.europesays.com\/de\/wp-json\/wp\/v2\/posts"}],"about":[{"href":"https:\/\/www.europesays.com\/de\/wp-json\/wp\/v2\/types\/post"}],"author":[{"embeddable":true,"href":"https:\/\/www.europesays.com\/de\/wp-json\/wp\/v2\/users\/2"}],"replies":[{"embeddable":true,"href":"https:\/\/www.europesays.com\/de\/wp-json\/wp\/v2\/comments?post=155730"}],"version-history":[{"count":0,"href":"https:\/\/www.europesays.com\/de\/wp-json\/wp\/v2\/posts\/155730\/revisions"}],"wp:featuredmedia":[{"embeddable":true,"href":"https:\/\/www.europesays.com\/de\/wp-json\/wp\/v2\/media\/155731"}],"wp:attachment":[{"href":"https:\/\/www.europesays.com\/de\/wp-json\/wp\/v2\/media?parent=155730"}],"wp:term":[{"taxonomy":"category","embeddable":true,"href":"https:\/\/www.europesays.com\/de\/wp-json\/wp\/v2\/categories?post=155730"},{"taxonomy":"post_tag","embeddable":true,"href":"https:\/\/www.europesays.com\/de\/wp-json\/wp\/v2\/tags?post=155730"}],"curies":[{"name":"wp","href":"https:\/\/api.w.org\/{rel}","templated":true}]}}