{"id":155765,"date":"2025-06-01T04:07:11","date_gmt":"2025-06-01T04:07:11","guid":{"rendered":"https:\/\/www.europesays.com\/de\/155765\/"},"modified":"2025-06-01T04:07:11","modified_gmt":"2025-06-01T04:07:11","slug":"expo-2000-in-hannover-viel-kritik-aber-auch-viel-nachhaltigkeit-ndr-de-geschichte","status":"publish","type":"post","link":"https:\/\/www.europesays.com\/de\/155765\/","title":{"rendered":"Expo 2000 in Hannover: Viel Kritik, aber auch viel Nachhaltigkeit | NDR.de &#8211; Geschichte"},"content":{"rendered":"<p>\nStand: 01.06.2025 05:00 Uhr\n<\/p>\n<p class=\"preface\">Niedersachsens Landeshauptstadt erlebt ab dem 1. Juni 2000 die erste offizielle Weltausstellung in Deutschland. Rund 18 Millionen Menschen besuchen bis zum 31. Oktober das Messegel\u00e4nde und die benachbarte Freifl\u00e4che auf dem Kronsberg.<\/p>\n<p class=\"textauthor\">von Johannes Freytag<\/p>\n<p>Den Zuschlag vom Bureau International des Expositions (B.I.E.) in Paris erh\u00e4lt Hannover am 14. Juni 1990. Mit nur einer Stimme Mehrheit, darunter auch die der zu dem Zeitpunkt noch existierenden DDR, setzt sich Hannover gegen den Mitbewerber Toronto durch und wird damit der erste deutsche Gastgeber einer vom B.I.E. registrierten Weltausstellung.<\/p>\n<p>&#8222;Mensch, Natur und Technik &#8211; Eine neue Welt entsteht&#8220; &#8211; unter diesem Motto pr\u00e4sentieren sich 155 Nationen und 27 internationale Organisationen zehn Jahre sp\u00e4ter vom 1. Juni 2000 bis zum 31. Oktober 2000 auf einer Fl\u00e4che von 160 Hektar den Besucherinnen und Besuchern.<\/p>\n<p>Knappes Votum und hohe Kritik an den Kosten<\/p>\n<p>Der Weg dahin ist gepr\u00e4gt von vielen Widerst\u00e4nden und viel Kritik. Vor allem in der linken Szene der Stadt gibt es Protest, sodass sich die rot-gr\u00fcne Landeregierung zu einer B\u00fcrgerbefragung entschlie\u00dft &#8211; mit 51,5 zu 48,5% der Stimmen f\u00e4llt das Votum am 12. Juni 1992 knapp f\u00fcr die Ausrichtung der &#8222;Expo 2000&#8220; aus.<\/p>\n<p class=\"quote\">\n&#8222;Alleine mit dem, was der deutsche Beitrag zum ebenso unsinnigen wie falschen Golfkrieg kostet, k\u00f6nnte man vier Weltausstellungen auf die Beine bringen.&#8220;<br \/>\nGerhard Schr\u00f6der, damaliger Ministerpr\u00e4sident\n<\/p>\n<p>Kritik gibt es vor allem an den immensen Kosten, die sich am Ende auf insgesamt 3,5 Milliarden D-Mark belaufen. So moniert der Bund der Steuerzahler beispielsweise die vielen Wechsel bei den leitenden Angestellten der Expo. &#8222;Die Personalpolitik war nicht erfolgreich, da wurden Gelder vergeben auch f\u00fcr Abfindungen, die man bei einer sorgf\u00e4ltigeren und professionelleren Personalpolitik h\u00e4tte sparen k\u00f6nnen&#8220;, sagt Bernd Zentgraf vom Steuerzahlerbund in Niedersachsen und Bremen Ende Oktober 2000 r\u00fcckblickend <a href=\"https:\/\/www.deutschlandfunk.de\/gewinn-mit-roten-zahlen-100.html\" title=\"Link: Link zum Deutschlandfunk\" rel=\"noopener nofollow\" target=\"_blank\">im Deutschlandfunk<\/a>.<\/p>\n<p>Expo-Vorbereitungen bleiben lange ohne breites Interesse<\/p>\n<p>Expo-Generalkommissarin Birgit Breuel kritisiert ebenfalls im Deutschlandfunk Ende Oktober 2000, dass sich im Vorwege niemand so richtig f\u00fcr die Expo interessiert habe: Sie sei \u00fcber zehn Jahre in ihrer ganzen Vorbereitungsphase in Deutschland &#8222;nicht der wirkliche Sympathietr\u00e4ger geworden&#8220; und ein &#8222;Waisenkind&#8220; gewesen: &#8222;Das ist v\u00f6llig normal, weil es die erste Weltausstellung \u00fcberhaupt war, nach 150 Jahren &#8211; und dagegen anzuarbeiten war so einfach nicht.&#8220;<\/p>\n<p>Nachhaltigkeit und Umweltschutz im Fokus<\/p>\n<p>Dabei geben sich die Macher alle M\u00fche: Um Bef\u00fcrchtungen wie Wohnungsnot und Beeintr\u00e4chtigungen der Lebens- und Umweltqualit\u00e4t entgegenzutreten, entsteht am Kronsberg die unter \u00f6kologischen Gesichtspunkten errichtete &#8222;Expo-Siedlung&#8220; &#8211; ein neues Stadtviertel mit rund 3.000 Wohneinheiten, Schulen, Kinderg\u00e4rten, L\u00e4den und einer Kirche.<\/p>\n<p>Die vielf\u00e4ltige Architektur sowie die energiesparenden Effekte werden beim Weltst\u00e4dtegipfel &#8222;World City Summit&#8220; 2012 in Singapur als eines der 100 innovativsten Infrastrukturprojekte der Welt gew\u00fcrdigt. Auch die Expo selbst hat ein umfassendes Umweltmanagement. So werden beispielsweise nur 30 Prozent des Expo-Gel\u00e4ndes neu erschlossen und bebaut.<\/p>\n<p>Weitere Informationen<\/p>\n<p><img decoding=\"async\" src=\"https:\/\/www.europesays.com\/de\/wp-content\/uploads\/2025\/06\/expo612_v-contentgross.jpg\" alt=\"Ralf Strobach im Portrait. \u00a9 Ralf Strobach \" title=\"Ralf Strobach im Portrait.\" class=\"responsive\"\/><\/p>\n<p>\nExpo 2000: Loblieder auf fossile Energie, aber auch \u00fcberwiegend Besucher aus der Region. Expo-Kritiker Ralf Strobach blickt 2020 mit gemischten Gef\u00fchlen auf das Event zur\u00fcck.<br \/>\n<a title=\"Zum Artikel: &quot;Mehr Ehrlichkeit w\u00e4re w\u00fcnschenswert gewesen&quot;\" href=\"https:\/\/www.ndr.de\/geschichte\/expo\/Mehr-Ehrlichkeit-waere-wuenschenswert-gewesen,expo610.html\" class=\"cta \" rel=\"nofollow noopener\" target=\"_blank\">mehr<\/a>\n<\/p>\n<p>Keine Kamele aus Mauretanien<\/p>\n<p>Tats\u00e4chlich hat Hannover ein bestechendes, ein neues Konzept: Im Gegensatz zu den vorherigen Weltausstellungen gibt es auf der Expo 2000 Erlebnislandschaften, die sich mit der Zukunft der Arbeit, von Mobilit\u00e4t, Energie, Ern\u00e4hrung, Gesundheit oder Kommunikation im 21. Jahrhundert besch\u00e4ftigen. Regisseure, Produzenten und Szenografen arbeiten jahrelang daran, ein tristes Messegel\u00e4nde in einen Ideenpark zu verwandeln.<\/p>\n<p>Weltoffen will sich Hannover pr\u00e4sentieren &#8211; auch wenn die ausstellenden Nationen bald schon an die Grenzen deutscher Gesetzgebung sto\u00dfen. Die Delegation aus Sri Lanka, die zu ihrem Nationentag einen Elefanten mitbringen will, scheitert an der deutschen &#8222;R\u00fcsseltierverordnung&#8220;, genauer: an der <a href=\"https:\/\/www.gesetze-im-internet.de\/tierseuchschbmv\/\" title=\"Link: Binnenmarkt-Tierseuchenschutzverordnung\" rel=\"noopener nofollow\" target=\"_blank\">Binnenmarkt-Tierseuchenschutzverordnung (BmTierSSchV)<\/a>. Das K\u00f6nigreich Bhutan soll seine Tempelanlage der DIN-Norm anpassen, der Papierpavillon Japans ist nicht mit der deutschen Brandschutzverordnung in Einklang zu bringen. Und Mauretanien verzichtet wegen der Zollbestimmungen auf die Einfuhr heimischer Kamele und sattelt lieber auf Ersatztiere aus dem Schwarzwald um.<\/p>\n<p>P\u00fcnktliche Er\u00f6ffnung, gute Anfangsstimmung<\/p>\n<p>Immerhin: Trotz aller Widrigkeiten startet die f\u00fcnfmonatige Weltausstellung p\u00fcnktlich. Die Stimmung am Er\u00f6ffnungstag ist gut, rund 150.000 Besucherinnen und Besucher str\u00f6men auf das Gel\u00e4nde.<\/p>\n<p>Doch es m\u00fcssten eigentlich rund 240.000 pro Tag werden, um die angepeilte Gesamtzahl von rund 40 Millionen zu erreichen. Dass dieses Ziel verfehlt werden wird, ist den Verantwortlichen schon nach sechs Wochen klar. Am Ende werden es lediglich knapp 19 Millionen.<\/p>\n<p>Fehlende Werbung, fehlende Besucher<\/p>\n<p>F\u00fcr den Kulturchef der Expo, Tom Stromberg, ist das mangelnde Marketing ein Grund daf\u00fcr: &#8222;Wir alle haben sehr sp\u00e4t Bilder gehabt, die wir transportieren konnten, erst nach dem 1. Juni&#8220;, erkl\u00e4rt der sp\u00e4tere Intendant des Deutschen Schauspielhauses in Hamburg.<\/p>\n<p class=\"quote\">\n&#8222;Wer nicht wei\u00df, was sein Produkt ist, kann sein Produkt auch nicht bewerben, wenn ich ein Produkt nicht bewerben kann, kann ich es nicht verkaufen.&#8220;<br \/>\nKommunikationexperte Klaus Klocks (VW) in einer Diskussionsrunde des Deutschlandfunks zur PR-Arbeit bei der Expo\n<\/p>\n<p>Arno Brandt von der NORD\/LB, der die Probleme der Expo untersucht hat, sagt im Jahr 2010 in der <a href=\"https:\/\/www.ndr.de\/geschichte\/expo\/textlink102270-splash.html\" title=\"Link: Link zu zeit.de\" rel=\"noopener nofollow\" class=\"showSplashPage\" target=\"_blank\">&#8222;Zeit&#8220;<\/a> r\u00fcckblickend: &#8222;Es wurde v\u00f6llig untersch\u00e4tzt, dass ein Event dieses Typs in einem Land, in dem es zuvor noch nie eine Weltausstellung gegeben hatte, kein Selbstl\u00e4ufer ist. Die Expo war im Gegensatz zur Fu\u00dfball-WM erkl\u00e4rungsbed\u00fcrftig und emotional im breiten Publikum nicht verankert.&#8220;<\/p>\n<p>Auch eine neue Werbekampagne mit Verona Feldbusch und Peter Ustinov \u00e4ndert daran nichts. Erst in den letzten Wochen der Expo bilden sich Schlangen an den Kassenh\u00e4uschen.<\/p>\n<p>Finanzielles Desaster oder &#8222;Investition in die Zukunft&#8220;?<\/p>\n<p>Finanziell wird die Expo 2000 in Hannover ein Desaster. Die schwarze Null, die die Expo GmbH als Ziel vorgegeben hat, f\u00e4rbt sich schlie\u00dflich tiefrot: In den 157 Tagen, in denen die Weltausstellung das Messegel\u00e4nde bespielt, f\u00e4hrt sie ein betriebswirtchaftliches Defizit von 2,4 Millarden Mark ein.<\/p>\n<p>Expo-Sprecherin <a href=\"https:\/\/www.ndr.de\/geschichte\/koepfe\/Wibke-Bruhns-Eine-unerschrockene-Fernsehjournalistin,wibkebruhns104.html\" title=\"Zum Artikel: Wibke Bruhns: Eine unerschrockene Fernsehjournalistin\" rel=\"nofollow noopener\" target=\"_blank\">Wibke Bruhns<\/a> erkl\u00e4rt, niemand h\u00e4tte erwarten d\u00fcrfen, mit der Ausstellung Gewinn machen zu k\u00f6nnen: &#8222;Es handelte sich um eine reine PR-Veranstaltung der Bundesrepubik Deutschland.&#8220; Ministerpr\u00e4sident Sigmar Gabriel (SPD) sieht trotz der Verluste einen &#8222;Riesenfortschritt f\u00fcr das Land. Das ist viel l\u00e4nger vorhanden als die Weltausstellung selbst, sodass ich \u00fcberhaupt nicht von einem Defizit spreche, sondern f\u00fcr mich ist das, was wir jetzt beitragen m\u00fcssen, auch als Land Niedersachsen, um das zu finanzieren, eine Investition in die Zukunft.&#8220;<\/p>\n<p>Kein Eiffelturm, kein Atomium &#8211; aber Mousse T.<\/p>\n<p>Paris hat seit der Weltausstellung 1889 den Eiffelturm, Br\u00fcssel seit 1958 das Atomium, in Seattle entstand 1962 die &#8222;Space Needle&#8220; und in Lissabon 1998 das &#8222;Oceanarium &#8211; und in Hannover? Ein markantes Geb\u00e4ude, ein Wahrzeichen oder eine touristische Attraktion ist in Niedersachsens Landeshauptstadt nicht \u00fcbrig geblieben.<\/p>\n<p>Heute beherbergt das ehemalige Expo-Ost-Gel\u00e4nde den Expo Park Hannover, einen IT- und Medienstandort. So ist zum Beispiel der Hannoveraner Musiker und Produzent <a href=\"https:\/\/www.ndr.de\/kultur\/musik\/pop\/Mousse-T-und-sein-Erfolgsgeheimnis-Gute-Stimmen-auf-tanzbarem-Beat,peppermintjam100.html\" title=\"Zum Artikel: Mousse T. und sein Erfolgsgeheimnis: &quot;Gute Stimmen auf tanzbarem Beat&quot;\" rel=\"nofollow noopener\" target=\"_blank\">Mousse T.<\/a> (&#8222;Sex Bomb&#8220;), der mit seinem Label Peppermint Jam im einstigen belgischen Pavillon auf der Expo-Plaza residiert und arbeitet, einer der Nachnutzer: &#8222;Es ist f\u00fcr mich eine Ehre, das Expo-Flair aufrechtzuerhalten.&#8220;<\/p>\n<p>Expo-Gel\u00e4nde \u00fcberbaut oder erfolgreich weitergenutzt<\/p>\n<p>Das westliche Pavillongel\u00e4nde ist mit neuen Messehallen \u00fcberbaut oder wird als Parkplatz genutzt. Hier fand unter anderem bis 2018 j\u00e4hrlich die gr\u00f6\u00dfte Computermesse der Welt, die <a href=\"https:\/\/www.ndr.de\/geschichte\/chronologie\/Schaufenster-der-Bits-Bytes-Als-Aus-der-CeBIT-kam,cebithistorie100.html\" title=\"Zum Artikel: Schaufenster der Bits &amp; Bytes: Als das Aus der CeBIT kam\" rel=\"nofollow noopener\" target=\"_blank\">CeBIT<\/a>, statt.<\/p>\n<p>W\u00e4hrend der <a href=\"https:\/\/www.ndr.de\/geschichte\/expo\/textlink102272-splash.html\" title=\"Link: Link zu &quot;Der Spiegel&quot;\" rel=\"noopener nofollow\" class=\"showSplashPage\" target=\"_blank\">&#8222;Spiegel&#8220;<\/a> 2014 das Nachnutzungskonzept als &#8222;v\u00f6llig missgl\u00fcckt&#8220; bezeichnet, zieht die Betreibergesellschaft ein positives Fazit: Demnach w\u00fcrden 85 Prozent der Fl\u00e4che und Pavillons des Ost-Gel\u00e4ndes weitergenutzt. Diese nachtr\u00e4gliche Auslastung sei die bislang gr\u00f6\u00dfte aller Weltausstellungen.<\/p>\n<p>Expo 2035 in Berlin?<\/p>\n<p>In diesem Jahr ist die Expo am 13. April im japanischen Osaka er\u00f6ffnet worden, das bereits 1970 schon einmal Ausrichter einer Weltausstellung war. Damals kamen mehr als 64 Millionen Besucher. Diesmal sollen es bis zum 13. Oktober nach j\u00fcngsten Angaben rund 28 Millionen werden. Doch das Interesse in Japans Bev\u00f6lkerung ist bisher gering. Als einen Grund f\u00fchren Kritiker an, dass das Expo-Thema vage und zu weit gefasst sei.<\/p>\n<p>Die Expo 2030 wurde nach Saudi-Arabien (Riad) vergeben. F\u00fcr 2035 will sich Berlin bewerben &#8211; mit einem dezentralen Konzept ohne gro\u00dfes Messegel\u00e4nde (&#8222;Ganz Berlin ist eine Weltausstellung&#8220;).<\/p>\n<p>Weitere Informationen<\/p>\n<p><img decoding=\"async\" src=\"https:\/\/www.europesays.com\/de\/wp-content\/uploads\/2025\/06\/ideenexpo3156_v-contentgross.jpg\" alt=\"Zwei Jugendliche halten Lampen \u00fcber selbstgebaute Solarrennautos. \u00a9 picture alliance\/dpa Foto:  Julian Stratenschulte\" title=\"Zwei Jugendliche halten Lampen \u00fcber selbstgebaute Solarrennautos.\" class=\"responsive\"\/><\/p>\n<p>\nDie neunt\u00e4tige Veranstaltung soll junge Menschen f\u00fcr Technik und Naturwissenschaften begeistern &#8211; um den Fachkr\u00e4ftemangel abzufedern.<br \/>\n<a title=\"Zum Artikel: IdeenExpo 2024 in Hannover: 430.000 Besucher kamen zur Messe\" href=\"https:\/\/www.ndr.de\/nachrichten\/niedersachsen\/hannover_weser-leinegebiet\/IdeenExpo-2024-in-Hannover-430000-Besucher-kamen-zur-Messe,ideenexpo3122.html\" class=\"cta \" rel=\"nofollow noopener\" target=\"_blank\">mehr<\/a>\n<\/p>\n<p><img decoding=\"async\" src=\"https:\/\/www.europesays.com\/de\/wp-content\/uploads\/2025\/06\/expo616_v-contentgross.jpg\" alt=\"Auf dem Messegel\u00e4nde in Hannover sind anl\u00e4sslich der Expo 2000 zahlreiche Pavillons aufgebaut. \u00a9 dpa-Bildfunk Foto: Rainer Jensen\" title=\"Auf dem Messegel\u00e4nde in Hannover sind anl\u00e4sslich der Expo 2000 zahlreiche Pavillons aufgebaut.\" class=\"responsive\"\/><\/p>\n<p>\nMit allen Sinnen hat Expo-Fan Kai-Uwe Saul die Weltausstellung 2000 in Hannover genossen. Auf dem Gel\u00e4nde der Expo ist der Glanz verblasst &#8211; doch jetzt, nach 20 Jahren, tut sich was.<br \/>\n<a title=\"Zum Artikel: Expo-R\u00fcckblick 2020: S\u00fcchtig nach dem Expo-Feeling\" href=\"https:\/\/www.ndr.de\/geschichte\/expo\/Expo-2000-in-Hannover-Suechtig-nach-dem-Expo-Feeling,expo618.html\" class=\"cta \" rel=\"nofollow noopener\" target=\"_blank\">mehr<\/a>\n<\/p>\n<p><img decoding=\"async\" src=\"https:\/\/www.europesays.com\/de\/wp-content\/uploads\/2025\/06\/hannover14024_v-contentgross.jpg\" alt=\"Die bunten Figuren &quot;Nanas&quot; der K\u00fcnstlerin Niki de Saint Phalle \u00a9 HMTG \" title=\"Die bunten Figuren &quot;Nanas&quot; der K\u00fcnstlerin Niki de Saint Phalle\" class=\"responsive\"\/><\/p>\n<p>\nDie Herrenh\u00e4user G\u00e4rten, die farbenfrohen Nanas und ein Museum mit 400 Werken von Picasso geh\u00f6ren zu den Highlights der Stadt.<br \/>\n<a title=\"Zum Artikel: Maschsee, Messen und moderne Kunst: So bunt ist Hannover\" href=\"https:\/\/www.ndr.de\/ratgeber\/reise\/hannover\/Maschsee-Messen-und-moderne-Kunst-So-bunt-ist-Hannover,hannoverportraet104.html\" class=\"cta \" rel=\"nofollow noopener\" target=\"_blank\">mehr<\/a>\n<\/p>\n<p>Dieses Thema im Programm:<\/p>\n<p>Hallo Niedersachsen |<br \/>\n01.06.2025 | 19:30 Uhr<\/p>\n<p><img decoding=\"async\" src=\"https:\/\/www.europesays.com\/de\/wp-content\/uploads\/2025\/03\/ndr_printlogo.gif\" alt=\"NDR Logo\" title=\"NDR Logo\"\/><\/p>\n","protected":false},"excerpt":{"rendered":"Stand: 01.06.2025 05:00 Uhr Niedersachsens Landeshauptstadt erlebt ab dem 1. Juni 2000 die erste offizielle Weltausstellung in Deutschland.&hellip;\n","protected":false},"author":2,"featured_media":155766,"comment_status":"","ping_status":"","sticky":false,"template":"","format":"standard","meta":{"footnotes":""},"categories":[1836],"tags":[3364,29,54851,39517,441,30,46,438,1411,439,440,83,53661,4845],"class_list":{"0":"post-155765","1":"post","2":"type-post","3":"status-publish","4":"format-standard","5":"has-post-thumbnail","7":"category-hannover","8":"tag-de","9":"tag-deutschland","10":"tag-die-2000er-jahre","11":"tag-expo-2000","12":"tag-fernsehen","13":"tag-germany","14":"tag-hannover","15":"tag-ndr","16":"tag-niedersachsen","17":"tag-norddeutscher-rundfunk","18":"tag-norddeutschland","19":"tag-radio","20":"tag-weltausstellung","21":"tag-zeitgeschichte"},"share_on_mastodon":{"url":"https:\/\/pubeurope.com\/@de\/114606141979863337","error":""},"_links":{"self":[{"href":"https:\/\/www.europesays.com\/de\/wp-json\/wp\/v2\/posts\/155765","targetHints":{"allow":["GET"]}}],"collection":[{"href":"https:\/\/www.europesays.com\/de\/wp-json\/wp\/v2\/posts"}],"about":[{"href":"https:\/\/www.europesays.com\/de\/wp-json\/wp\/v2\/types\/post"}],"author":[{"embeddable":true,"href":"https:\/\/www.europesays.com\/de\/wp-json\/wp\/v2\/users\/2"}],"replies":[{"embeddable":true,"href":"https:\/\/www.europesays.com\/de\/wp-json\/wp\/v2\/comments?post=155765"}],"version-history":[{"count":0,"href":"https:\/\/www.europesays.com\/de\/wp-json\/wp\/v2\/posts\/155765\/revisions"}],"wp:featuredmedia":[{"embeddable":true,"href":"https:\/\/www.europesays.com\/de\/wp-json\/wp\/v2\/media\/155766"}],"wp:attachment":[{"href":"https:\/\/www.europesays.com\/de\/wp-json\/wp\/v2\/media?parent=155765"}],"wp:term":[{"taxonomy":"category","embeddable":true,"href":"https:\/\/www.europesays.com\/de\/wp-json\/wp\/v2\/categories?post=155765"},{"taxonomy":"post_tag","embeddable":true,"href":"https:\/\/www.europesays.com\/de\/wp-json\/wp\/v2\/tags?post=155765"}],"curies":[{"name":"wp","href":"https:\/\/api.w.org\/{rel}","templated":true}]}}