{"id":155767,"date":"2025-06-01T04:08:12","date_gmt":"2025-06-01T04:08:12","guid":{"rendered":"https:\/\/www.europesays.com\/de\/155767\/"},"modified":"2025-06-01T04:08:12","modified_gmt":"2025-06-01T04:08:12","slug":"reizgas-alarm-in-restaurant-drei-verletzte","status":"publish","type":"post","link":"https:\/\/www.europesays.com\/de\/155767\/","title":{"rendered":"Reizgas-Alarm in Restaurant \u2013 drei Verletzte"},"content":{"rendered":"<p>In Dresdner Restaurant <\/p>\n<p>Drei Verletzte nach Reizgas-Austritt<\/p>\n<p>01.06.2025 &#8211; 05:22 UhrLesedauer: 1 Min.<\/p>\n<p><a href=\"#focus-0\" class=\"transition-colors duration-200 focus-within:text-magenta block text-current relative\" data-sctrack=\"FocusGalleryImage.Reference\"><img fetchpriority=\"high\" data-testid=\"Opener.Image\" style=\"--lqipURL:url('https:\/\/images.t-online.de\/2025\/06\/9RWkblXmZKeo\/0x94:1800x1012\/fit-in\/150x0\/filters:blur(25)\/abc-alarm-in-der-dresdner-centrum-galerie-drei-personen-wurden-verletzt.jpg')\"   loading=\"eager\" src=\"https:\/\/www.europesays.com\/de\/wp-content\/uploads\/2025\/06\/abc-alarm-in-der-dresdner-centrum-galerie-drei-personen-wurden-verletzt.jpg\" alt=\"ABC-Alarm in der Dresdner Centrum-Galerie: Drei Personen wurden verletzt.\" title=\"ABC-Alarm in der Dresdner Centrum-Galerie: Drei Personen wurden verletzt.\" width=\"1800\" height=\"1012\" class=\"bg-[url:var(--lqipURL)] bg-cover bg-center flex w-full max-w-full h-full\" decoding=\"async\"\/><img style=\"--width:32;--height:32\" loading=\"lazy\" src=\"https:\/\/www.europesays.com\/de\/wp-content\/uploads\/2025\/05\/zoom-in.f7dae02f.svg.svg+xml\" alt=\"Vergr\u00f6\u00dfern des Bildes\" title=\"Vergr\u00f6\u00dfern des Bildes\" class=\"&#10;        block&#10;        h-[calc(var(--height)_\/_16_*_1rem)]&#10;        w-[calc(var(--width)_\/_16_*_1rem)]&#10;        max-w-none&#10;        absolute bottom-8 right-8 rounded-4 bg-snow p-8\" decoding=\"async\"\/><\/a><\/p>\n<p>ABC-Alarm in der Dresdner Centrum-Galerie: Drei Personen wurden verletzt. (Quelle: Roland Halkasch)<\/p>\n<p class=\"font-bold text-18 leading-17\">Atemnot, brennende Augen, Rettungswagen: An der Centrum-Galerie lief am Samstag ein Gro\u00dfeinsatz. Doch eine entscheidende Frage ist noch offen.<\/p>\n<p class=\"text-18 leading-17\">Was als gew\u00f6hnlicher Restaurantbesuch begann, endete am Samstagabend f\u00fcr drei Menschen im Krankenhaus. In einem Lokal der Centrum-Galerie an Dresdens Prager Stra\u00dfe kam es zu einem r\u00e4tselhaften Zwischenfall, bei dem G\u00e4ste pl\u00f6tzlich \u00fcber brennende Augen und Atemnot klagten.<\/p>\n<p class=\"text-18 leading-17\">Sofort alarmierte Rettungskr\u00e4fte r\u00fcckten mit einem ABC-Gro\u00dfaufgebot aus \u2013 ein Einsatz, der normalerweise bei Verdacht auf gef\u00e4hrliche Chemikalien oder Gase erfolgt. Die Einsatzkr\u00e4fte durchsuchten das betroffene Restaurant systematisch nach der Quelle des Problems.<\/p>\n<p class=\"text-18 leading-17\">W\u00e4hrend eine Person schwere Beschwerden entwickelte und intensiv behandelt werden musste, erlitten zwei weitere Betroffene leichtere Reizungen der Atemwege und Augen. Alle drei wurden zur Sicherheit in Krankenh\u00e4user gebracht.<\/p>\n<p class=\"text-18 leading-17\">Die Feuerwehr gab \u00fcber soziale Medien bekannt, dass die Polizei nun die Ermittlungen \u00fcbernommen habe. Was genau zu dem gef\u00e4hrlichen Reizstoff-Austritt f\u00fchrte, bleibt vorerst ein R\u00e4tsel. Die Beamten m\u00fcssen kl\u00e4ren, ob es sich um einen Unfall, technisches Versagen oder m\u00f6glicherweise sogar um einen gezielten Vorgang handelte.<\/p>\n<p class=\"text-18 leading-17\">F\u00fcr Passanten und andere Besucher der Centrum-Galerie bestand zu keinem Zeitpunkt Gefahr. Allerdings mussten Autofahrer und Fu\u00dfg\u00e4nger rund um die Reitbahnstra\u00dfe mit erheblichen Behinderungen rechnen, da die Einsatzkr\u00e4fte die Umgebung weitr\u00e4umig absperrten.<\/p>\n","protected":false},"excerpt":{"rendered":"In Dresdner Restaurant Drei Verletzte nach Reizgas-Austritt 01.06.2025 &#8211; 05:22 UhrLesedauer: 1 Min. ABC-Alarm in der Dresdner Centrum-Galerie:&hellip;\n","protected":false},"author":2,"featured_media":155768,"comment_status":"","ping_status":"","sticky":false,"template":"","format":"standard","meta":{"footnotes":""},"categories":[1835],"tags":[3176,54852,3364,29,2386,30,3786,15466,1598,5989,859],"class_list":{"0":"post-155767","1":"post","2":"type-post","3":"status-publish","4":"format-standard","5":"has-post-thumbnail","7":"category-dresden","8":"tag-3176","9":"tag-atemnot","10":"tag-de","11":"tag-deutschland","12":"tag-dresden","13":"tag-germany","14":"tag-grosseinsatz","15":"tag-prager-strasse","16":"tag-restaurant","17":"tag-rettungswagen","18":"tag-sachsen"},"share_on_mastodon":{"url":"https:\/\/pubeurope.com\/@de\/114606145791233437","error":""},"_links":{"self":[{"href":"https:\/\/www.europesays.com\/de\/wp-json\/wp\/v2\/posts\/155767","targetHints":{"allow":["GET"]}}],"collection":[{"href":"https:\/\/www.europesays.com\/de\/wp-json\/wp\/v2\/posts"}],"about":[{"href":"https:\/\/www.europesays.com\/de\/wp-json\/wp\/v2\/types\/post"}],"author":[{"embeddable":true,"href":"https:\/\/www.europesays.com\/de\/wp-json\/wp\/v2\/users\/2"}],"replies":[{"embeddable":true,"href":"https:\/\/www.europesays.com\/de\/wp-json\/wp\/v2\/comments?post=155767"}],"version-history":[{"count":0,"href":"https:\/\/www.europesays.com\/de\/wp-json\/wp\/v2\/posts\/155767\/revisions"}],"wp:featuredmedia":[{"embeddable":true,"href":"https:\/\/www.europesays.com\/de\/wp-json\/wp\/v2\/media\/155768"}],"wp:attachment":[{"href":"https:\/\/www.europesays.com\/de\/wp-json\/wp\/v2\/media?parent=155767"}],"wp:term":[{"taxonomy":"category","embeddable":true,"href":"https:\/\/www.europesays.com\/de\/wp-json\/wp\/v2\/categories?post=155767"},{"taxonomy":"post_tag","embeddable":true,"href":"https:\/\/www.europesays.com\/de\/wp-json\/wp\/v2\/tags?post=155767"}],"curies":[{"name":"wp","href":"https:\/\/api.w.org\/{rel}","templated":true}]}}