{"id":155769,"date":"2025-06-01T04:09:09","date_gmt":"2025-06-01T04:09:09","guid":{"rendered":"https:\/\/www.europesays.com\/de\/155769\/"},"modified":"2025-06-01T04:09:09","modified_gmt":"2025-06-01T04:09:09","slug":"dynamo-dresden-vor-15-jahren-aufsichtsrat-streitet-alles-ab-sport","status":"publish","type":"post","link":"https:\/\/www.europesays.com\/de\/155769\/","title":{"rendered":"Dynamo Dresden vor 15 Jahren: Aufsichtsrat streitet alles ab | Sport"},"content":{"rendered":"<p><b>\u201eDynamo Dresden vor 15 Jahren\u201c ist eine Serie, in der BILD historische Artikel wieder zum Leben erweckt. Lesen Sie heute, was den Klub im Jahr 2010 bewegte.<\/b><\/p>\n<p>Der Artikel \u201eAufsichtsrat streitet alles ab\u201c ist am 1. Juni 2010 bei BILD erschienen<\/p>\n<p><b>Schwindel-Gemeinschaft <\/b><a href=\"https:\/\/www.bild.de\/sport\/fussball\/dynamo-dresden\/startseite-dynamo-46789412.bild.html\" class=\"text-link\" rel=\"nofollow noopener\" target=\"_blank\"><b>Dynamo Dresden<\/b><\/a><b>! Was beim Drittligisten derzeit abl\u00e4uft, ist kaum noch nachvollziehbar. Mittendrin der Aufsichtsrat, der offensichtlich nicht mit offenen Karten spielt. Dabei immer mehr Verwirrung stiftet.<\/b><\/p>\n<p>Auch interessant<\/p>\n<p>Anzeige<\/p>\n<p>Auch interessant<\/p>\n<p>Anzeige<\/p>\n<p>Darum geht&#8217;s: BILD hatte berichtet, dass das Gremium plant, Stefan Bohne als Gesch\u00e4ftsf\u00fchrer abzuservieren und den fr\u00fcheren KSC-Manager Rolf Dohmen ab 1. Juli einzusetzen.<\/p>\n<p>Das wurde sogar von Ex-Aufsichtsrats-Mitglied Dieter Schulz best\u00e4tigt, der frustriert zur\u00fccktrat. \u201eDabei bleibe ich\u201c, stellte er unmissverst\u00e4ndlich klar. \u201eWelchen Grund sollte ich haben, Unwahrheiten zu best\u00e4tigen?\u201c<\/p>\n<p>Aufsichtsrats-Chef Dr. Holm Gro\u00dfe sieht das ganz anders! \u201eEs ist mir unerkl\u00e4rlich, wie man so etwas behaupten kann. Das ist absolut falsch\u201c, behauptet Gro\u00dfe.<\/p>\n<p>Also bohrte BILD nach.<\/p>\n<p>Wurde wirklich nicht dar\u00fcber geredet, Bohne durch Dohmen zu ersetzen? Gro\u00dfe: \u201eIch werde mich nicht dazu \u00e4u\u00dfern, was und \u00fcber wen diskutiert wurde.\u201c Wird Rolf Dohmen definitiv kein neuer Gesch\u00e4ftsf\u00fchrer? Gro\u00dfe: \u201eIch kann nichts best\u00e4tigen. Die Entscheidung treffe nicht ich alleine. Ich hoffe, Bohne bleibt.\u201c<\/p>\n<p>Das stinkt doch zum Himmel! Der Aufsichtsrat verstrickt sich offensichtlich immer mehr in Widerspr\u00fcchen. So sind die R\u00fccktrittsforderungen vieler Sponsoren (BILD berichtete) kaum vom Tisch zu wischen.<\/p>\n<p>Was sagt eigentlich Rolf Dohmen selbst? \u201eIch bin ab 1. Juli frei. Und es gab mehrere lose Anfragen. Mehr sage ich dazu nicht.\u201c<\/p>\n<p>Am Donnerstag muss der Aufsichtsrat eine Entscheidung f\u00e4llen. Bis dahin wird das Verwirrspiel wohl weitergehen\u00a0\u2026<\/p>\n","protected":false},"excerpt":{"rendered":"\u201eDynamo Dresden vor 15 Jahren\u201c ist eine Serie, in der BILD historische Artikel wieder zum Leben erweckt. Lesen&hellip;\n","protected":false},"author":2,"featured_media":155770,"comment_status":"","ping_status":"","sticky":false,"template":"","format":"standard","meta":{"footnotes":""},"categories":[1835],"tags":[3364,29,2386,3766,30,3890,3891,859,45],"class_list":{"0":"post-155769","1":"post","2":"type-post","3":"status-publish","4":"format-standard","5":"has-post-thumbnail","7":"category-dresden","8":"tag-de","9":"tag-deutschland","10":"tag-dresden","11":"tag-dynamo-dresden","12":"tag-germany","13":"tag-graubrot","14":"tag-retro-geschichten","15":"tag-sachsen","16":"tag-texttospeech"},"share_on_mastodon":{"url":"https:\/\/pubeurope.com\/@de\/114606149742016609","error":""},"_links":{"self":[{"href":"https:\/\/www.europesays.com\/de\/wp-json\/wp\/v2\/posts\/155769","targetHints":{"allow":["GET"]}}],"collection":[{"href":"https:\/\/www.europesays.com\/de\/wp-json\/wp\/v2\/posts"}],"about":[{"href":"https:\/\/www.europesays.com\/de\/wp-json\/wp\/v2\/types\/post"}],"author":[{"embeddable":true,"href":"https:\/\/www.europesays.com\/de\/wp-json\/wp\/v2\/users\/2"}],"replies":[{"embeddable":true,"href":"https:\/\/www.europesays.com\/de\/wp-json\/wp\/v2\/comments?post=155769"}],"version-history":[{"count":0,"href":"https:\/\/www.europesays.com\/de\/wp-json\/wp\/v2\/posts\/155769\/revisions"}],"wp:featuredmedia":[{"embeddable":true,"href":"https:\/\/www.europesays.com\/de\/wp-json\/wp\/v2\/media\/155770"}],"wp:attachment":[{"href":"https:\/\/www.europesays.com\/de\/wp-json\/wp\/v2\/media?parent=155769"}],"wp:term":[{"taxonomy":"category","embeddable":true,"href":"https:\/\/www.europesays.com\/de\/wp-json\/wp\/v2\/categories?post=155769"},{"taxonomy":"post_tag","embeddable":true,"href":"https:\/\/www.europesays.com\/de\/wp-json\/wp\/v2\/tags?post=155769"}],"curies":[{"name":"wp","href":"https:\/\/api.w.org\/{rel}","templated":true}]}}