{"id":15578,"date":"2025-04-08T12:10:13","date_gmt":"2025-04-08T12:10:13","guid":{"rendered":"https:\/\/www.europesays.com\/de\/15578\/"},"modified":"2025-04-08T12:10:13","modified_gmt":"2025-04-08T12:10:13","slug":"duisburger-schulen-wieder-geoeffnet-radio-duisburg","status":"publish","type":"post","link":"https:\/\/www.europesays.com\/de\/15578\/","title":{"rendered":"Duisburger Schulen wieder ge\u00f6ffnet &#8211; Radio Duisburg"},"content":{"rendered":"<p class=\"small date article__date\">Ver\u00f6ffentlicht:\u00a0Montag, 07.04.2025 17:43<\/p>\n<p>Nach den Drohungen soll heute (08.04.) wieder ganz normaler Pr\u00e4senzunterricht stattfinden. Heute zeigt die Polizei mehr Pr\u00e4senz an Duisburger Schulen. <\/p>\n<p><img decoding=\"async\" alt=\"\" src=\"https:\/\/www.europesays.com\/de\/wp-content\/uploads\/2025\/04\/2021-08-16-far_3334.jpg&#038;crop=0x64x3000x1875&#038;resize=1280x800&#038;dt=202504071653440.jpeg\" data-size=\"1280x800\"\/>\u00a9 Tanja Pickartz \/ FUNKE Foto Services<\/p>\n<blockquote><p>Nach aktueller R\u00fccksprache mit der Polizei wird an den betroffenen Schulen am morgigen Dienstag wieder Pr\u00e4senzunterricht stattfinden. Um das Sicherheitsgef\u00fchl der Schulgemeinschaften zu st\u00e4rken, wird die Polizei an den Schulen Pr\u00e4senz zeigen.<\/p><\/blockquote>\n<p>So eine Sprecherin der Bezirksregierung.<\/p>\n<p>Schlie\u00dfungen waren eine Vorsichtsma\u00dfnahme<\/p>\n<p>Die Polizei Duisburg hat eine Ernsthaftigkeit der Drohungen bereits am Montagnachmittag ausgeschlossen, sagte uns Pressesprecher Daniel Kattenbeck:<\/p>\n<blockquote><p>Auch wenn wir zu dem Schluss kommen, dass eine Ernsthaftigkeit auszuschlie\u00dfen ist, bleibt immer ein Rest-Risiko. Das hat auch uns dazu veranlasst die Pr\u00e4senzma\u00dfnahmen und Aufkl\u00e4rungsma\u00dfnahmen an den betroffenen Schule zu erh\u00f6hen.<\/p><\/blockquote>\n<p>Inhalte der E-Mails<\/p>\n<p>Die E-Mails k\u00fcndigten Straftaten an den betroffenen Schulen an. Daniel Kattenbeck hat uns die Drohungen eingeordnet:<\/p>\n<blockquote><p>Der Duisburger Staatsschutz ermittelt in der Angelegenheit. Die \u00c4u\u00dferungen sind schon ganz klar rechtsradikal in ihrer Form. Den Inhalt w\u00fcrden wir jetzt hier nicht zitieren, um zu vermeiden, dass T\u00e4ter-Wissen aus der Presse erlangt wird. Aber die \u00c4u\u00dferungen waren eindeutig rechtsradikal und wurden auch von unserer Fachdienststelle so klassifiziert.<\/p><\/blockquote>\n<p>Aktuell werden die digitalen Spuren ausgewertet. <\/p>\n<p>Hintergrund<\/p>\n<p>Was zuvor passiert ist, k\u00f6nnt ihr <a href=\"https:\/\/www.radioduisburg.de\/artikel\/wegen-bedrohungslage-duisburger-gesamt-und-sekundarschulen-heute-geschlossen-2291855.html\" rel=\"noopener noreferrer\" target=\"_blank\">hier<\/a> nachlesen.<\/p>\n","protected":false},"excerpt":{"rendered":"Ver\u00f6ffentlicht:\u00a0Montag, 07.04.2025 17:43 Nach den Drohungen soll heute (08.04.) wieder ganz normaler Pr\u00e4senzunterricht stattfinden. Heute zeigt die Polizei&hellip;\n","protected":false},"author":2,"featured_media":15579,"comment_status":"","ping_status":"","sticky":false,"template":"","format":"standard","meta":{"footnotes":""},"categories":[1838],"tags":[4568,10287,10525,10526,3364,29,3715,30,9022,1209,121],"class_list":{"0":"post-15578","1":"post","2":"type-post","3":"status-publish","4":"format-standard","5":"has-post-thumbnail","7":"category-duisburg","8":"tag-schulen","9":"tag-080425-a","10":"tag-polizeiprsenz","11":"tag-prsenzunterricht","12":"tag-de","13":"tag-deutschland","14":"tag-duisburg","15":"tag-germany","16":"tag-gesamtschule","17":"tag-nordrhein-westfalen","18":"tag-polizei"},"share_on_mastodon":{"url":"https:\/\/pubeurope.com\/@de\/114302276311638383","error":""},"_links":{"self":[{"href":"https:\/\/www.europesays.com\/de\/wp-json\/wp\/v2\/posts\/15578","targetHints":{"allow":["GET"]}}],"collection":[{"href":"https:\/\/www.europesays.com\/de\/wp-json\/wp\/v2\/posts"}],"about":[{"href":"https:\/\/www.europesays.com\/de\/wp-json\/wp\/v2\/types\/post"}],"author":[{"embeddable":true,"href":"https:\/\/www.europesays.com\/de\/wp-json\/wp\/v2\/users\/2"}],"replies":[{"embeddable":true,"href":"https:\/\/www.europesays.com\/de\/wp-json\/wp\/v2\/comments?post=15578"}],"version-history":[{"count":0,"href":"https:\/\/www.europesays.com\/de\/wp-json\/wp\/v2\/posts\/15578\/revisions"}],"wp:featuredmedia":[{"embeddable":true,"href":"https:\/\/www.europesays.com\/de\/wp-json\/wp\/v2\/media\/15579"}],"wp:attachment":[{"href":"https:\/\/www.europesays.com\/de\/wp-json\/wp\/v2\/media?parent=15578"}],"wp:term":[{"taxonomy":"category","embeddable":true,"href":"https:\/\/www.europesays.com\/de\/wp-json\/wp\/v2\/categories?post=15578"},{"taxonomy":"post_tag","embeddable":true,"href":"https:\/\/www.europesays.com\/de\/wp-json\/wp\/v2\/tags?post=15578"}],"curies":[{"name":"wp","href":"https:\/\/api.w.org\/{rel}","templated":true}]}}