{"id":155780,"date":"2025-06-01T04:15:09","date_gmt":"2025-06-01T04:15:09","guid":{"rendered":"https:\/\/www.europesays.com\/de\/155780\/"},"modified":"2025-06-01T04:15:09","modified_gmt":"2025-06-01T04:15:09","slug":"borussia-dortmund-vor-10-jahren-so-gehts-ohne-klopp-beim-bvb-weiter-sport","status":"publish","type":"post","link":"https:\/\/www.europesays.com\/de\/155780\/","title":{"rendered":"Borussia Dortmund vor 10 Jahren: So geht&#8217;s ohne Klopp beim BVB weiter | Sport"},"content":{"rendered":"<p><b>\u201eBVB vor 10 Jahren\u201c ist eine Serie, in der BILD historische Artikel wieder zum Leben erweckt. Lesen Sie heute, was den Klub im Jahr 2015 bewegte.<\/b><\/p>\n<p>Der Artikel \u201eSo geht&#8217;s ohne Klopp beim BVB weiter\u201c ist am 1. Juni 2015 bei BILD erschienen<\/p>\n<p>Klopp ist Vergangenheit \u2013 jetzt beginnt beim <a href=\"https:\/\/www.bild.de\/sport\/fussball\/borussia-dortmund\/startseite-bvb-31074434.bild.html\" class=\"text-link\" rel=\"nofollow noopener\" target=\"_blank\">BVB<\/a> die Zeit von Thomas Tuchel (41)!<\/p>\n<p>Mittwoch wird der neue Trainer in Dortmund vorgestellt, am 1.\u2005Juli beginnt sein Vertrag (l\u00e4uft bis 2018).<\/p>\n<p><b>\u25baDurch den verpassten Pokalsieg hat Tuchel eine Salami-Vorbereitung.<\/b><\/p>\n<p>Auch interessant<\/p>\n<p>Anzeige<\/p>\n<p>Auch interessant<\/p>\n<p>Anzeige<\/p>\n<p>Bereits am 30. Juli muss die Mannschaft topfit sein. Da steigt das Hinspiel der 3. Runde in der Europa-League-Quali. Die Dortmunder m\u00fcssen sich als Bundesliga-Siebter durch zwei Quali-Runden qu\u00e4len, um in die Gruppenphase des Europa-Pokals einzuziehen. H\u00e4tten sie den DFB-Pokal gewonnen, w\u00e4ren sie direkt qualifiziert gewesen und Schalke h\u00e4tte in die Quali gemusst.<\/p>\n<p><b>\u25baTuchel wird mit Hochdruck am Kader basteln.<\/b><\/p>\n<p>Es gilt als unwahrscheinlich, dass der Coach mit Roman Weidenfeller (34) und Mitchell Langerak (26) in der Kiste plant. Roman B\u00fcrki (24\/kann f\u00fcr 4,5 Mio. wechseln) von Absteiger Freiburg ist zurzeit das hei\u00dfeste Ger\u00fccht.<\/p>\n<p>Weidenfeller (Vertrag bis 2016) wird den BVB nach 13 Jahren vielleicht verlassen.<\/p>\n<p>Im Sturm steht Ciro Immobile (25\/nur drei Bundesliga-Treffer) vor dem Abflug. Findet der Italiener (Vertrag bis 2019) einen Verein, der mindestens 15 Mio. Euro Abl\u00f6se zahlt, erh\u00e4lt er sofort die Freigabe.<\/p>\n<p><b>Dass Ilkay G\u00fcndo\u011fan (24) den BVB trotz Vertrages bis 2016 im Sommer verlassen wird, steht fest. Er wird in den n\u00e4chsten Tagen bekannt geben, wohin er geht.<\/b><\/p>\n","protected":false},"excerpt":{"rendered":"\u201eBVB vor 10 Jahren\u201c ist eine Serie, in der BILD historische Artikel wieder zum Leben erweckt. Lesen Sie&hellip;\n","protected":false},"author":2,"featured_media":155781,"comment_status":"","ping_status":"","sticky":false,"template":"","format":"standard","meta":{"footnotes":""},"categories":[1833],"tags":[888,3364,29,217,30,3890,1209,3891,45],"class_list":{"0":"post-155780","1":"post","2":"type-post","3":"status-publish","4":"format-standard","5":"has-post-thumbnail","7":"category-dortmund","8":"tag-borussia-dortmund","9":"tag-de","10":"tag-deutschland","11":"tag-dortmund","12":"tag-germany","13":"tag-graubrot","14":"tag-nordrhein-westfalen","15":"tag-retro-geschichten","16":"tag-texttospeech"},"share_on_mastodon":{"url":"https:\/\/pubeurope.com\/@de\/114606173304472078","error":""},"_links":{"self":[{"href":"https:\/\/www.europesays.com\/de\/wp-json\/wp\/v2\/posts\/155780","targetHints":{"allow":["GET"]}}],"collection":[{"href":"https:\/\/www.europesays.com\/de\/wp-json\/wp\/v2\/posts"}],"about":[{"href":"https:\/\/www.europesays.com\/de\/wp-json\/wp\/v2\/types\/post"}],"author":[{"embeddable":true,"href":"https:\/\/www.europesays.com\/de\/wp-json\/wp\/v2\/users\/2"}],"replies":[{"embeddable":true,"href":"https:\/\/www.europesays.com\/de\/wp-json\/wp\/v2\/comments?post=155780"}],"version-history":[{"count":0,"href":"https:\/\/www.europesays.com\/de\/wp-json\/wp\/v2\/posts\/155780\/revisions"}],"wp:featuredmedia":[{"embeddable":true,"href":"https:\/\/www.europesays.com\/de\/wp-json\/wp\/v2\/media\/155781"}],"wp:attachment":[{"href":"https:\/\/www.europesays.com\/de\/wp-json\/wp\/v2\/media?parent=155780"}],"wp:term":[{"taxonomy":"category","embeddable":true,"href":"https:\/\/www.europesays.com\/de\/wp-json\/wp\/v2\/categories?post=155780"},{"taxonomy":"post_tag","embeddable":true,"href":"https:\/\/www.europesays.com\/de\/wp-json\/wp\/v2\/tags?post=155780"}],"curies":[{"name":"wp","href":"https:\/\/api.w.org\/{rel}","templated":true}]}}