{"id":155786,"date":"2025-06-01T04:18:10","date_gmt":"2025-06-01T04:18:10","guid":{"rendered":"https:\/\/www.europesays.com\/de\/155786\/"},"modified":"2025-06-01T04:18:10","modified_gmt":"2025-06-01T04:18:10","slug":"politiker-raeumen-fehler-ein","status":"publish","type":"post","link":"https:\/\/www.europesays.com\/de\/155786\/","title":{"rendered":"Politiker r\u00e4umen Fehler ein \u00a0"},"content":{"rendered":"<p class=\"text_ohne_einzug richtext text-em-55 !leading-serif mx-6 desktop:mx-0\">  Es ist immer gut, wenn man eigene Fehler eingesteht und bereit ist, sie zu revidieren. In der Politik kommt das nicht allzu h\u00e4ufig vor, in der Bezirksvertretung 7 war es jetzt aber so weit. Worum geht\u2019s? Vor f\u00fcnf Jahren hatte das Stadtteil-Gremium mehrheitlich beschlossen, die instandsetzungsbed\u00fcrftigen Otto- und Vereinsstra\u00dfe in Gerresheim, die jeweils ein Kopfsteinpflaster aufweisen, mit einer Asphaltdecke zu versehen. Als die Anwohner im Januar durch ein Schreiben der Netzgesellschaft erfuhren, dass die Sanierung nach den f\u00e4lligen Arbeiten an den Hausanschl\u00fcssen kurz bevorsteht, gingen sie auf die Barrikaden. Sie wollten ihr Kopfsteinpflaster behalten und starteten eine Petition, die mehr als 500 Menschen unterschrieben. Davon aufgeschreckt reichten die BV-Mitglieder jetzt f\u00fcr die letzte Sitzung einen interfraktionellen Antrag ein, um den damaligen Beschluss wieder aufzuheben.<\/p>\n","protected":false},"excerpt":{"rendered":"Es ist immer gut, wenn man eigene Fehler eingesteht und bereit ist, sie zu revidieren. In der Politik&hellip;\n","protected":false},"author":2,"featured_media":155787,"comment_status":"","ping_status":"","sticky":false,"template":"","format":"standard","meta":{"footnotes":""},"categories":[1831],"tags":[10339,14769,54858,33815,3364,29,3405,30,54856,1209,19709,13869,4108,10354,524,8025,54860,54857,54859],"class_list":{"0":"post-155786","1":"post","2":"type-post","3":"status-publish","4":"format-standard","5":"has-post-thumbnail","7":"category-duesseldorf","8":"tag-antrag","9":"tag-anwohner","10":"tag-asphaltdecke","11":"tag-damaligen","12":"tag-de","13":"tag-deutschland","14":"tag-duesseldorf","15":"tag-germany","16":"tag-kopfsteinpflaster","17":"tag-nordrhein-westfalen","18":"tag-otto","19":"tag-ottostrasse","20":"tag-sanierung","21":"tag-stein","22":"tag-strasse","23":"tag-strassen","24":"tag-verbundsteinen","25":"tag-vereinsstrasse","26":"tag-vorhandenen"},"share_on_mastodon":{"url":"https:\/\/pubeurope.com\/@de\/114606185079926104","error":""},"_links":{"self":[{"href":"https:\/\/www.europesays.com\/de\/wp-json\/wp\/v2\/posts\/155786","targetHints":{"allow":["GET"]}}],"collection":[{"href":"https:\/\/www.europesays.com\/de\/wp-json\/wp\/v2\/posts"}],"about":[{"href":"https:\/\/www.europesays.com\/de\/wp-json\/wp\/v2\/types\/post"}],"author":[{"embeddable":true,"href":"https:\/\/www.europesays.com\/de\/wp-json\/wp\/v2\/users\/2"}],"replies":[{"embeddable":true,"href":"https:\/\/www.europesays.com\/de\/wp-json\/wp\/v2\/comments?post=155786"}],"version-history":[{"count":0,"href":"https:\/\/www.europesays.com\/de\/wp-json\/wp\/v2\/posts\/155786\/revisions"}],"wp:featuredmedia":[{"embeddable":true,"href":"https:\/\/www.europesays.com\/de\/wp-json\/wp\/v2\/media\/155787"}],"wp:attachment":[{"href":"https:\/\/www.europesays.com\/de\/wp-json\/wp\/v2\/media?parent=155786"}],"wp:term":[{"taxonomy":"category","embeddable":true,"href":"https:\/\/www.europesays.com\/de\/wp-json\/wp\/v2\/categories?post=155786"},{"taxonomy":"post_tag","embeddable":true,"href":"https:\/\/www.europesays.com\/de\/wp-json\/wp\/v2\/tags?post=155786"}],"curies":[{"name":"wp","href":"https:\/\/api.w.org\/{rel}","templated":true}]}}