{"id":155795,"date":"2025-06-01T04:23:10","date_gmt":"2025-06-01T04:23:10","guid":{"rendered":"https:\/\/www.europesays.com\/de\/155795\/"},"modified":"2025-06-01T04:23:10","modified_gmt":"2025-06-01T04:23:10","slug":"lok-report-frankfurter-feldbahnmuseum-einsatz-von-zwei-ehemaligen-ddr-denkmallokomotiven-als-gastloks","status":"publish","type":"post","link":"https:\/\/www.europesays.com\/de\/155795\/","title":{"rendered":"LOK Report &#8211; Frankfurter Feldbahnmuseum-Einsatz von zwei ehemaligen DDR Denkmallokomotiven als Gastloks"},"content":{"rendered":"<p><img decoding=\"async\" src=\"https:\/\/www.europesays.com\/de\/wp-content\/uploads\/2025\/06\/Joerg-Seidel-Frankfurt-2025-O&#038;K-13602-002.jpg\" alt=\"Joerg Seidel Frankfurt 2025 O&amp;K 13602 002\" style=\"margin: 3px;\"\/><img decoding=\"async\" src=\"https:\/\/www.europesays.com\/de\/wp-content\/uploads\/2025\/06\/Joerg-Seidel-Frankfurt-2025-CKD-Dampflok-002.jpg\" alt=\"Joerg Seidel Frankfurt 2025 CKD Dampflok 002\" style=\"margin: 3px;\"\/><\/p>\n<p>W\u00e4hrend von den Dampflokomotiven der Deutschen Reichsbahn noch viele Exemplare \u00fcberlebt haben, sieht es bei den schmalspurigen DDR-Feldbahndampflokomotiven schlecht aus. Nur wenige Exemplare haben hier \u00fcberlebt.<\/p>\n<p>Anl\u00e4sslich des Jubil\u00e4ums &#8222;<a href=\"https:\/\/www.feldbahn-ffm.de\/50jubilaeum-25\/\" target=\"_blank\" rel=\"noopener nofollow\">50 Jahre Frankfurter Feldbahnmuseum<\/a>&#8220; sind aktuell zwei \u00fcberlebende Loks als Gastlokomotiven im Einsatz.\u00a0<\/p>\n<p>F\u00fcr deutsche Baustellen und Industriebetriebe baute\u00a0\u010cKD Prag zwischen 1940 und 1941 200 kr\u00e4ftige B-gekuppelte Loks vom Typ B 70-600.<\/p>\n<p>Die Lok\u00a0\u010cKD 1858\/1940 verblieb nach dem 2. Weltkrieg in der DDR und wurde dort auf verschiedenen Baustellen eingesetzt. 1983 kam sie in Privatbesitz und wurde in Eckartsberga am Sachsenberg aufgearbeitet. Hier blieb sie bis zum Tod des Eigent\u00fcmers und wurde dann 2018 \u00fcber \u00d6sterreich nach Zamberk in Tschechien verkauft. Eine weitere Lok dieser Bauart befindet sich in Deutschland im Bayerischen Lokalbahn Museum in Bayerisch Eisenstein.<\/p>\n<p>Es ist m.W. der erste betriebsf\u00e4hige Einsatz dieser Lok in Deutschland nach ihrer Aufarbeitung.<\/p>\n<p>Bei der zweiten Lok handelt es sich im die 1944 von MBA (O&amp;K) gebaute Dampflok 13602. Auch diese Lok wurde auf verschiedenen Baustellen in der DDR genutzt und verblieb 1974 als Denkmal in Gera. 1980 gelangte sie als Privatbesitz nach Eisenberg\/Th\u00fcringen.<\/p>\n<p>2017 wechselte die Lok den Eigent\u00fcmer und wurde in G\u00f6\u00dfnitz\/Th\u00fcringen aufwendig bis in das Jahr 2023 aufgearbeitet. Seitdem besucht sie Feldbahnveranstaltungen in der ganzen Bundesrepublik. Zuletzt war sie bei der Buchholzer Waldbahn und beim Bahnhofsfest in Geesthacht im Einsatz gewesen.<\/p>\n<p>Die beiden Fotos zeigen die O&amp;K-Lok mit dem bulgarischen Zug und die \u010cKD-Lok.<\/p>\n<p>Text und Fotos Diese E-Mail-Adresse ist vor Spambots gesch\u00fctzt! Zur Anzeige muss JavaScript eingeschaltet sein!<\/p>\n","protected":false},"excerpt":{"rendered":"W\u00e4hrend von den Dampflokomotiven der Deutschen Reichsbahn noch viele Exemplare \u00fcberlebt haben, sieht es bei den schmalspurigen DDR-Feldbahndampflokomotiven&hellip;\n","protected":false},"author":2,"featured_media":155796,"comment_status":"","ping_status":"","sticky":false,"template":"","format":"standard","meta":{"footnotes":""},"categories":[1829],"tags":[29,4031,4033,2050,2051,30,2052,2776,2264,4032,2332,601],"class_list":{"0":"post-155795","1":"post","2":"type-post","3":"status-publish","4":"format-standard","5":"has-post-thumbnail","7":"category-frankfurt-am-main","8":"tag-deutschland","9":"tag-eisenbahn","10":"tag-ferroviaire","11":"tag-frankfurt","12":"tag-frankfurt-am-main","13":"tag-germany","14":"tag-hessen","15":"tag-logistik","16":"tag-museum","17":"tag-railways","18":"tag-transport","19":"tag-verkehr"},"share_on_mastodon":{"url":"https:\/\/pubeurope.com\/@de\/114606204962011016","error":""},"_links":{"self":[{"href":"https:\/\/www.europesays.com\/de\/wp-json\/wp\/v2\/posts\/155795","targetHints":{"allow":["GET"]}}],"collection":[{"href":"https:\/\/www.europesays.com\/de\/wp-json\/wp\/v2\/posts"}],"about":[{"href":"https:\/\/www.europesays.com\/de\/wp-json\/wp\/v2\/types\/post"}],"author":[{"embeddable":true,"href":"https:\/\/www.europesays.com\/de\/wp-json\/wp\/v2\/users\/2"}],"replies":[{"embeddable":true,"href":"https:\/\/www.europesays.com\/de\/wp-json\/wp\/v2\/comments?post=155795"}],"version-history":[{"count":0,"href":"https:\/\/www.europesays.com\/de\/wp-json\/wp\/v2\/posts\/155795\/revisions"}],"wp:featuredmedia":[{"embeddable":true,"href":"https:\/\/www.europesays.com\/de\/wp-json\/wp\/v2\/media\/155796"}],"wp:attachment":[{"href":"https:\/\/www.europesays.com\/de\/wp-json\/wp\/v2\/media?parent=155795"}],"wp:term":[{"taxonomy":"category","embeddable":true,"href":"https:\/\/www.europesays.com\/de\/wp-json\/wp\/v2\/categories?post=155795"},{"taxonomy":"post_tag","embeddable":true,"href":"https:\/\/www.europesays.com\/de\/wp-json\/wp\/v2\/tags?post=155795"}],"curies":[{"name":"wp","href":"https:\/\/api.w.org\/{rel}","templated":true}]}}