{"id":155839,"date":"2025-06-01T04:48:08","date_gmt":"2025-06-01T04:48:08","guid":{"rendered":"https:\/\/www.europesays.com\/de\/155839\/"},"modified":"2025-06-01T04:48:08","modified_gmt":"2025-06-01T04:48:08","slug":"tote-und-verletzte-bei-brand-in-hamburger-klinik","status":"publish","type":"post","link":"https:\/\/www.europesays.com\/de\/155839\/","title":{"rendered":"Tote und Verletzte bei Brand in Hamburger Klinik"},"content":{"rendered":"<p class=\"metatextline\">Stand: 01.06.2025 05:03 Uhr<\/p>\n<p class=\"textabsatz columns twelve  m-ten  m-offset-one l-eight l-offset-two\">\n        <strong>Bei einem Brand in der geriatrischen Abteilung eines Hamburger Krankenhauses sind in der Nacht drei Menschen ums Leben gekommen. Zwei Verletzte schweben in Lebensgefahr, die Brandursache ist noch unklar.<\/strong>\n    <\/p>\n<p class=\"textabsatz m-ten m-offset-one l-eight l-offset-two columns twelve\">\nBei einem Brand im Marienkrankenhaus im Hamburger Stadtteil Hohenfelde sind in der Nacht drei Patienten ums Leben gekommen. Au\u00dferdem gibt es laut Feuerwehr mehr als 50 Verletzte, darunter zwei lebensbedrohlich verletzte Menschen sowie 16 Schwerverletzte.<\/p>\n<p class=\"textabsatz m-ten m-offset-one l-eight l-offset-two columns twelve\">\nDas Feuer war den Angaben zufolge im Erdgeschoss der Klinik in der geriatrischen Abteilung ausgebrochen, die auf die Versorgung \u00e4lterer Patientinnen und Patienten spezialisiert ist. Die Flammen schlugen auf den ersten Stock \u00fcber. Die Feuerwehr war mit einem Gro\u00dfaufgebot vor Ort und musste Menschen \u00fcber Fenster ins Freie retten.<\/p>\n<p>    Klinik hat rund 600 Betten<\/p>\n<p class=\"textabsatz m-ten m-offset-one l-eight l-offset-two columns twelve\">\nBei allen Todesopfern handele es sich um Erwachsene. Einem dpa-Reporter vor Ort zufolge brannte ein Zimmer der Klinik augenscheinlich komplett aus. Wie es zu dem Brand kommen konnte, ist noch unklar &#8211; ebenso wie das Ausma\u00df des Sachschadens. Teile der Klinik wurden evakuiert. Der Brand war der Feuerwehr gegen 0.30 Uhr am Sonntag gemeldet worden.<\/p>\n<p class=\"textabsatz m-ten m-offset-one l-eight l-offset-two columns twelve\">\nDas Marienkrankenhaus ist eigenen Angaben zufolge eines der gr\u00f6\u00dften konfessionellen Krankenh\u00e4user Norddeutschlands. Es hat demnach rund 600 Betten und behandelt jedes Jahr etwa 93.000 Patientinnen und Patienten.<\/p>\n","protected":false},"excerpt":{"rendered":"Stand: 01.06.2025 05:03 Uhr Bei einem Brand in der geriatrischen Abteilung eines Hamburger Krankenhauses sind in der Nacht&hellip;\n","protected":false},"author":2,"featured_media":155840,"comment_status":"","ping_status":"","sticky":false,"template":"","format":"standard","meta":{"footnotes":""},"categories":[2],"tags":[2919,29,30,692,13,14,15,12,10,8,9,11],"class_list":{"0":"post-155839","1":"post","2":"type-post","3":"status-publish","4":"format-standard","5":"has-post-thumbnail","7":"category-deutschland","8":"tag-brand","9":"tag-deutschland","10":"tag-germany","11":"tag-hamburg","12":"tag-headlines","13":"tag-nachrichten","14":"tag-news","15":"tag-schlagzeilen","16":"tag-top-news","17":"tag-top-meldungen","18":"tag-topmeldungen","19":"tag-topnews"},"share_on_mastodon":{"url":"","error":""},"_links":{"self":[{"href":"https:\/\/www.europesays.com\/de\/wp-json\/wp\/v2\/posts\/155839","targetHints":{"allow":["GET"]}}],"collection":[{"href":"https:\/\/www.europesays.com\/de\/wp-json\/wp\/v2\/posts"}],"about":[{"href":"https:\/\/www.europesays.com\/de\/wp-json\/wp\/v2\/types\/post"}],"author":[{"embeddable":true,"href":"https:\/\/www.europesays.com\/de\/wp-json\/wp\/v2\/users\/2"}],"replies":[{"embeddable":true,"href":"https:\/\/www.europesays.com\/de\/wp-json\/wp\/v2\/comments?post=155839"}],"version-history":[{"count":0,"href":"https:\/\/www.europesays.com\/de\/wp-json\/wp\/v2\/posts\/155839\/revisions"}],"wp:featuredmedia":[{"embeddable":true,"href":"https:\/\/www.europesays.com\/de\/wp-json\/wp\/v2\/media\/155840"}],"wp:attachment":[{"href":"https:\/\/www.europesays.com\/de\/wp-json\/wp\/v2\/media?parent=155839"}],"wp:term":[{"taxonomy":"category","embeddable":true,"href":"https:\/\/www.europesays.com\/de\/wp-json\/wp\/v2\/categories?post=155839"},{"taxonomy":"post_tag","embeddable":true,"href":"https:\/\/www.europesays.com\/de\/wp-json\/wp\/v2\/tags?post=155839"}],"curies":[{"name":"wp","href":"https:\/\/api.w.org\/{rel}","templated":true}]}}