{"id":155851,"date":"2025-06-01T04:55:12","date_gmt":"2025-06-01T04:55:12","guid":{"rendered":"https:\/\/www.europesays.com\/de\/155851\/"},"modified":"2025-06-01T04:55:12","modified_gmt":"2025-06-01T04:55:12","slug":"historische-bilder-und-geschichten-zur-strassenbahn","status":"publish","type":"post","link":"https:\/\/www.europesays.com\/de\/155851\/","title":{"rendered":"Historische Bilder und Geschichten zur Stra\u00dfenbahn"},"content":{"rendered":"<p class=\"text_ohne_einzug richtext text-em-55 !leading-serif mx-6 desktop:mx-0\">Alles begann im <a href=\"https:\/\/rp-online.de\/thema\/sommer\/\" rel=\"nofollow noopener\" target=\"_blank\">Sommer<\/a> 1881: Zwischen der Limitenstra\u00dfe in Rheydt und der Dahlener Stra\u00dfe in Gladbach wurden Schienen f\u00fcr eine Pferdebahn-Strecke verlegt, die wenig sp\u00e4ter in Betrieb ging.<\/p>\n<p class=\"richtext text-em-55 !leading-serif mx-6 desktop:mx-0\">In den folgenden Jahren wichen Pferde den Elektromotoren, das Schienennetz wurde ausgebaut und die <a href=\"https:\/\/rp-online.de\/thema\/strassenbahn\/\" rel=\"nofollow noopener\" target=\"_blank\">Stra\u00dfenbahn<\/a> so zu einem zentralen Verkehrsmittel in <a href=\"https:\/\/rp-online.de\/thema\/moenchengladbach\/\" rel=\"nofollow noopener\" target=\"_blank\">M\u00f6nchengladbach<\/a> und pr\u00e4gten das Stadtbild.<\/p>\n<p class=\"richtext text-em-55 !leading-serif mx-6 desktop:mx-0\">Ab den 1950er Jahren setzte man jedoch vermehrt auf Busse und baute Schienen wieder zur\u00fcck, was schlie\u00dflich dazu f\u00fchrte, dass die letzte Stra\u00dfenbahn im M\u00e4rz 1969 durch Gladbach fuhr. Andere Gro\u00dfst\u00e4dte in der Region halten dagegen bis heute an den Bahnen fest, wovon Bewohner ebenso profitieren wie Besucher.<\/p>\n<p class=\"richtext text-em-55 !leading-serif mx-6 desktop:mx-0\">In der Vitusstadt werden wird das Fortbewegungsmittel wohl keine Renaissance mehr feiern \u2013 schon alleine aus Kostengr\u00fcnden.<\/p>\n","protected":false},"excerpt":{"rendered":"Alles begann im Sommer 1881: Zwischen der Limitenstra\u00dfe in Rheydt und der Dahlener Stra\u00dfe in Gladbach wurden Schienen&hellip;\n","protected":false},"author":2,"featured_media":155852,"comment_status":"","ping_status":"","sticky":false,"template":"","format":"standard","meta":{"footnotes":""},"categories":[1849],"tags":[54870,3364,29,548,663,3934,30,13,4455,14,15,1209,12,4900,25145],"class_list":{"0":"post-155851","1":"post","2":"type-post","3":"status-publish","4":"format-standard","5":"has-post-thumbnail","7":"category-moenchengladbach","8":"tag-bildern","9":"tag-de","10":"tag-deutschland","11":"tag-eu","12":"tag-europa","13":"tag-europe","14":"tag-germany","15":"tag-headlines","16":"tag-moenchengladbach","17":"tag-nachrichten","18":"tag-news","19":"tag-nordrhein-westfalen","20":"tag-schlagzeilen","21":"tag-strassenbahn","22":"tag-wandel"},"share_on_mastodon":{"url":"https:\/\/pubeurope.com\/@de\/114606330619595385","error":""},"_links":{"self":[{"href":"https:\/\/www.europesays.com\/de\/wp-json\/wp\/v2\/posts\/155851","targetHints":{"allow":["GET"]}}],"collection":[{"href":"https:\/\/www.europesays.com\/de\/wp-json\/wp\/v2\/posts"}],"about":[{"href":"https:\/\/www.europesays.com\/de\/wp-json\/wp\/v2\/types\/post"}],"author":[{"embeddable":true,"href":"https:\/\/www.europesays.com\/de\/wp-json\/wp\/v2\/users\/2"}],"replies":[{"embeddable":true,"href":"https:\/\/www.europesays.com\/de\/wp-json\/wp\/v2\/comments?post=155851"}],"version-history":[{"count":0,"href":"https:\/\/www.europesays.com\/de\/wp-json\/wp\/v2\/posts\/155851\/revisions"}],"wp:featuredmedia":[{"embeddable":true,"href":"https:\/\/www.europesays.com\/de\/wp-json\/wp\/v2\/media\/155852"}],"wp:attachment":[{"href":"https:\/\/www.europesays.com\/de\/wp-json\/wp\/v2\/media?parent=155851"}],"wp:term":[{"taxonomy":"category","embeddable":true,"href":"https:\/\/www.europesays.com\/de\/wp-json\/wp\/v2\/categories?post=155851"},{"taxonomy":"post_tag","embeddable":true,"href":"https:\/\/www.europesays.com\/de\/wp-json\/wp\/v2\/tags?post=155851"}],"curies":[{"name":"wp","href":"https:\/\/api.w.org\/{rel}","templated":true}]}}