{"id":155859,"date":"2025-06-01T04:59:09","date_gmt":"2025-06-01T04:59:09","guid":{"rendered":"https:\/\/www.europesays.com\/de\/155859\/"},"modified":"2025-06-01T04:59:09","modified_gmt":"2025-06-01T04:59:09","slug":"kohl-allee-kritiker-podiumsdiskussion-zu-verkehrskonzepten-ludwigshafen","status":"publish","type":"post","link":"https:\/\/www.europesays.com\/de\/155859\/","title":{"rendered":"Kohl-Allee-Kritiker: Podiumsdiskussion zu Verkehrskonzepten &#8211; Ludwigshafen"},"content":{"rendered":"<p><b\/> Die B\u00fcrgerinitiative (BI) Lebenswertes <a class=\"rtr-entity\" data-rtr-entity=\"Ludwigshafen\" data-rtr-id=\"26b4406521e36b503c690e53e1b9dec3bdb26dfe\" data-rtr-score=\"58.079019073569484\" data-rtr-etype=\"location\" data-rtr-index=\"5\" href=\"https:\/\/www.rheinpfalz.de\/lokal\/ludwigshafen.html?utm_source=rheinpfalz.de&amp;utm_medium=tms&amp;utm_campaign=intext\" target=\"_blank\" rel=\"noopener\">Ludwigshafen<\/a> l\u00e4dt f\u00fcr  Donnerstag, 5. Juni, 19 Uhr, zu einer \u00f6ffentlichen Podiumsdiskussion ins Verdi-Haus (Kaiser-Wilhelm-Stra\u00dfe 7, Mitte) ein. Im Mittelpunkt steht laut Ank\u00fcndigung die Frage: Wie gelingt eine nachhaltige Verkehrspolitik, die Nah- sowie Rad- und Fu\u00dfverkehr neben dem Auto gleichberechtigt ber\u00fccksichtigt?  Anlass der Veranstaltung ist <a href=\"https:\/\/www.rheinpfalz.de\/lokal\/ludwigshafen_artikel,-protest-gegen-den-bau-der-kohl-allee-mehr-als-3000-unterst%C3%BCtzer-_arid,5761239.html\" target=\"_blank\" class=\"external-link-new-window\" title=\"\" rel=\"noopener\">die erfolgreiche Petition der BI gegen den Bau der Helmut-Kohl-Allee als Ersatz f\u00fcr die Hochstra\u00dfe Nord (B44)<\/a>, die von \u00fcber 3000 B\u00fcrgern unterzeichnet wurde. W\u00e4hrend  der Veranstaltung wird die Petition an  Baudezernent  Alexander Thewalt  (parteilos)  \u00fcbergeben.  <\/p>\n<p>Auf dem Podium diskutieren neben Thewalt:  Boris von Krueger, Rhein-Neckar-Verkehrsgesellschaft, Carmen Fontagnier, Verein Fu\u00df (Mannheim) und  Till Gerlach, BI Lebenswertes Ludwigshafen.  Moderator  ist Paul Konrath, Student. Die BI m\u00f6chte mit ihren G\u00e4sten \u00fcber nachhaltige und wirtschaftlich tragf\u00e4hige Verkehrskonzepte sprechen, die mehr Raum f\u00fcr Fu\u00dfg\u00e4nger, Radverkehr und \u00f6ffentlichen Nahverkehr schaffen \u2013 f\u00fcr ein lebenswerteres Ludwigshafen. Der Eintritt ist frei.  Im Anschluss an die  einst\u00fcndige Podiumsrunde gibt es Gelegenheit f\u00fcr Fragen und Beitr\u00e4ge aus dem Publikum.<\/p>\n","protected":false},"excerpt":{"rendered":"Die B\u00fcrgerinitiative (BI) Lebenswertes Ludwigshafen l\u00e4dt f\u00fcr Donnerstag, 5. Juni, 19 Uhr, zu einer \u00f6ffentlichen Podiumsdiskussion ins Verdi-Haus&hellip;\n","protected":false},"author":2,"featured_media":155860,"comment_status":"","ping_status":"","sticky":false,"template":"","format":"standard","meta":{"footnotes":""},"categories":[1845],"tags":[52368,1634,3364,29,548,663,3934,30,13,54872,4060,25476,2096,525,14,15,12],"class_list":{"0":"post-155859","1":"post","2":"type-post","3":"status-publish","4":"format-standard","5":"has-post-thumbnail","7":"category-mannheim","8":"tag-alexander-thewalt","9":"tag-baden-wuerttemberg","10":"tag-de","11":"tag-deutschland","12":"tag-eu","13":"tag-europa","14":"tag-europe","15":"tag-germany","16":"tag-headlines","17":"tag-kaiser-wilhelm-strasse","18":"tag-lokal","19":"tag-ludwigshafen","20":"tag-mannheim","21":"tag-mitte","22":"tag-nachrichten","23":"tag-news","24":"tag-schlagzeilen"},"share_on_mastodon":{"url":"https:\/\/pubeurope.com\/@de\/114606346396183312","error":""},"_links":{"self":[{"href":"https:\/\/www.europesays.com\/de\/wp-json\/wp\/v2\/posts\/155859","targetHints":{"allow":["GET"]}}],"collection":[{"href":"https:\/\/www.europesays.com\/de\/wp-json\/wp\/v2\/posts"}],"about":[{"href":"https:\/\/www.europesays.com\/de\/wp-json\/wp\/v2\/types\/post"}],"author":[{"embeddable":true,"href":"https:\/\/www.europesays.com\/de\/wp-json\/wp\/v2\/users\/2"}],"replies":[{"embeddable":true,"href":"https:\/\/www.europesays.com\/de\/wp-json\/wp\/v2\/comments?post=155859"}],"version-history":[{"count":0,"href":"https:\/\/www.europesays.com\/de\/wp-json\/wp\/v2\/posts\/155859\/revisions"}],"wp:featuredmedia":[{"embeddable":true,"href":"https:\/\/www.europesays.com\/de\/wp-json\/wp\/v2\/media\/155860"}],"wp:attachment":[{"href":"https:\/\/www.europesays.com\/de\/wp-json\/wp\/v2\/media?parent=155859"}],"wp:term":[{"taxonomy":"category","embeddable":true,"href":"https:\/\/www.europesays.com\/de\/wp-json\/wp\/v2\/categories?post=155859"},{"taxonomy":"post_tag","embeddable":true,"href":"https:\/\/www.europesays.com\/de\/wp-json\/wp\/v2\/tags?post=155859"}],"curies":[{"name":"wp","href":"https:\/\/api.w.org\/{rel}","templated":true}]}}