{"id":155888,"date":"2025-06-01T05:17:09","date_gmt":"2025-06-01T05:17:09","guid":{"rendered":"https:\/\/www.europesays.com\/de\/155888\/"},"modified":"2025-06-01T05:17:09","modified_gmt":"2025-06-01T05:17:09","slug":"nordrhein-westfalen-von-datenschutz-bis-europa-nrw-landesverfassung-wird-75","status":"publish","type":"post","link":"https:\/\/www.europesays.com\/de\/155888\/","title":{"rendered":"Nordrhein-Westfalen: Von Datenschutz bis Europa &#8211; NRW-Landesverfassung wird 75"},"content":{"rendered":"<p>                    Nordrhein-Westfalen<br \/>\n                Von Datenschutz bis Europa &#8211; NRW-Landesverfassung wird 75<\/p>\n<p>\t\t\t\t              01.06.2025, 05:03 Uhr<\/p>\n<p><strong>Nicht nur die Bundesrepublik hat ein Grundgesetz, auch die Bundesl\u00e4nder haben ihre eigenen Verfassungen. Die NRW-Landesverfassung geht seit 75 Jahren immer mit der Zeit.<\/strong><\/p>\n<p>D\u00fcsseldorf (dpa\/lnw) &#8211; Sie ist zwar schon betagt, aber keineswegs unmodern: Die Landesverfassung von Nordrhein-Westfalen wird 75 Jahre alt. Ob Schule, Wahlen, Umwelt- oder Datenschutz &#8211; die Verfassung betrifft den Alltag aller Menschen im bev\u00f6lkerungsreichsten Bundesland. Dabei ist das Gesetzeswerk nicht in Stein gemei\u00dfelt, sondern in den vergangenen Jahrzehnten immer wieder ge\u00e4ndert worden.<\/p>\n<p>Zum 75. Jubil\u00e4um der NRW-Landesverfassung zeigt die Stiftung Haus der Geschichte Nordrhein-Westfalen im Landtag vom 3. bis zum 11. Juli eine Ausstellung zu dem Gesetzeswerk. Darin geht es um die Entstehungsgeschichte bis zur Verabschiedung 1950 und um Wegmarken, die wesentlichen Einfluss auf die gesellschaftlichen Entwicklungen in NRW hatten.\u00a0<\/p>\n<ul>\n<li>1968 wird mit der Reform des Schulsystems anstelle der achtj\u00e4hrigen Volksschule die vierj\u00e4hrige Grundschule und die weiterf\u00fchrende Hauptschule eingef\u00fchrt und die konfessionelle Trennung der Schulen aufgehoben.<\/li>\n<li>1969 wird als Reaktion auf die studentische 68er-Bewegung das Wahlalter zum aktiven Wahlrecht auf 18 Jahre herabgesetzt.<\/li>\n<li>1978 wird der Datenschutz als Grundrecht in der Verfassung verankert. Es ist das erste Mal in Deutschland, dass ein Bundesland den Datenschutz in die Verfassung aufnimmt.<\/li>\n<li>1985 tr\u00e4gt NRW mit der Aufnahme des Umweltschutzes als Staatsziel den seit Jahrzehnten laufenden Diskussionen Rechnung. <\/li>\n<li>2002 wird durch den Beschluss zur St\u00e4rkung der politischen Partizipation und der Einf\u00fchrung der &#8222;Volksinitiative&#8220; den B\u00fcrgerinnen und B\u00fcrgern in NRW mehr Mitspracherecht in landespolitischen Fragen gegeben. Zudem verankert der Landtag Kinderrechte in der Verfassung.<\/li>\n<li> 2020 wird die Landesverfassung im 70. Jahr ihres Bestehens gleich im ersten Satz um einen Europa-Bezug erg\u00e4nzt: &#8222;Nordrhein-Westfalen ist ein Gliedstaat der Bundesrepublik Deutschland und damit Teil der Europ\u00e4ischen Union&#8220;, hei\u00dft es nun. Mit der Betonung der europ\u00e4ischen Dimension in der Landespolitik verankert das Land die F\u00f6rderung eines geeinten Europas als Staatsziel in seiner Verfassung.<\/li>\n<\/ul>\n<p>&#8222;Die Verfassung bildet einen stabilen Rahmen f\u00fcr unser Miteinander&#8220;, sagt Hans Walter H\u00fctter, Pr\u00e4sident der Stiftung Haus der Geschichte Nordrhein-Westfalen. &#8222;Aber zugleich pr\u00e4gen unsere gesellschaftlichen Ver\u00e4nderungen auch die Verfassung.&#8220;<\/p>\n<p>Zur \u00c4nderung der Landesverfassung ist eine Zweidrittel-Mehrheit des Landtags erforderlich &#8211; es gab bereits zahlreiche Novellierungen. Eine Besonderheit hat die NRW-Landesverfassung: Der Ministerpr\u00e4sident oder die Ministerpr\u00e4sidentin muss dem Landtag angeh\u00f6ren. Diese Regelung gilt nicht f\u00fcr die Ministerinnen und Minister.<\/p>\n<p>Lange Diskussionen um NRW-Verfassung<\/p>\n<p>Mit der Verabschiedung des Grundgesetzes im Mai 1949 trat die Arbeit an der NRW-Landesverfassung in ein entscheidendes Stadium. Am 6. Juni 1950 beschloss der Landtag nach kontroversen Diskussionen die Verfassung des Landes, am 18. Juni 1950 stimmten die B\u00fcrgerinnen und B\u00fcrger in einem Volksentscheid zu. Am 11. Juli 1950 trat die NRW-Landesverfassung in Kraft. Da war das Land NRW schon rund vier Jahre alt.\u00a0<\/p>\n<p>Nordrhein-Westfalen wurde 1946 nach dem Ende des Zweiten Weltkriegs und dem Untergang der Nazi-Diktatur von der britischen Milit\u00e4rregierung gegr\u00fcndet. Aus dem n\u00f6rdlichen Teil der preu\u00dfischen Rheinprovinz sowie Westfalen wurde das Bindestrich-Bundesland gebildet. Die &#8222;Operation Marriage&#8220; wurde am 23. August 1946 in D\u00fcsseldorf besiegelt. Die Lipper kamen 1947 dazu.<\/p>\n","protected":false},"excerpt":{"rendered":"Nordrhein-Westfalen Von Datenschutz bis Europa &#8211; NRW-Landesverfassung wird 75 01.06.2025, 05:03 Uhr Nicht nur die Bundesrepublik hat ein&hellip;\n","protected":false},"author":2,"featured_media":155889,"comment_status":"","ping_status":"","sticky":false,"template":"","format":"standard","meta":{"footnotes":""},"categories":[3933],"tags":[331,332,1743,548,663,158,3934,3935,13,14,15,1209,54873,12,43378],"class_list":{"0":"post-155888","1":"post","2":"type-post","3":"status-publish","4":"format-standard","5":"has-post-thumbnail","7":"category-eu","8":"tag-aktuelle-nachrichten","9":"tag-aktuelle-news","10":"tag-datenschutz","11":"tag-eu","12":"tag-europa","13":"tag-europaeische-union","14":"tag-europe","15":"tag-european-union","16":"tag-headlines","17":"tag-nachrichten","18":"tag-news","19":"tag-nordrhein-westfalen","20":"tag-nrw-landesverfassung","21":"tag-schlagzeilen","22":"tag-von"},"share_on_mastodon":{"url":"https:\/\/pubeurope.com\/@de\/114606417080259157","error":""},"_links":{"self":[{"href":"https:\/\/www.europesays.com\/de\/wp-json\/wp\/v2\/posts\/155888","targetHints":{"allow":["GET"]}}],"collection":[{"href":"https:\/\/www.europesays.com\/de\/wp-json\/wp\/v2\/posts"}],"about":[{"href":"https:\/\/www.europesays.com\/de\/wp-json\/wp\/v2\/types\/post"}],"author":[{"embeddable":true,"href":"https:\/\/www.europesays.com\/de\/wp-json\/wp\/v2\/users\/2"}],"replies":[{"embeddable":true,"href":"https:\/\/www.europesays.com\/de\/wp-json\/wp\/v2\/comments?post=155888"}],"version-history":[{"count":0,"href":"https:\/\/www.europesays.com\/de\/wp-json\/wp\/v2\/posts\/155888\/revisions"}],"wp:featuredmedia":[{"embeddable":true,"href":"https:\/\/www.europesays.com\/de\/wp-json\/wp\/v2\/media\/155889"}],"wp:attachment":[{"href":"https:\/\/www.europesays.com\/de\/wp-json\/wp\/v2\/media?parent=155888"}],"wp:term":[{"taxonomy":"category","embeddable":true,"href":"https:\/\/www.europesays.com\/de\/wp-json\/wp\/v2\/categories?post=155888"},{"taxonomy":"post_tag","embeddable":true,"href":"https:\/\/www.europesays.com\/de\/wp-json\/wp\/v2\/tags?post=155888"}],"curies":[{"name":"wp","href":"https:\/\/api.w.org\/{rel}","templated":true}]}}