{"id":155893,"date":"2025-06-01T05:20:15","date_gmt":"2025-06-01T05:20:15","guid":{"rendered":"https:\/\/www.europesays.com\/de\/155893\/"},"modified":"2025-06-01T05:20:15","modified_gmt":"2025-06-01T05:20:15","slug":"mehr-als-eine-million-muslime-in-deutschland-zeigen-anfaelligkeit-fuer-radikalisierung","status":"publish","type":"post","link":"https:\/\/www.europesays.com\/de\/155893\/","title":{"rendered":"Mehr als eine Million Muslime in Deutschland zeigen Anf\u00e4lligkeit f\u00fcr Radikalisierung"},"content":{"rendered":"<p class=\"is-first-paragraph\" data-external=\"Article.FirstParagraph\">Jeder f\u00fcnfte in Deutschland lebende Muslim mit Migrationshintergrund weist eine emotionale Verfassung auf, die Radikalisierung beg\u00fcnstigt. Das ist das Ergebnis einer bisher unver\u00f6ffentlichten Studie der Forschungsstelle Islam und Politik der Universit\u00e4t M\u00fcnster unter der Leitung des islamischen Theologen Mouhanad Khorchide, die der \u201eNeuen Osnabr\u00fccker Zeitung\u201c (NOZ) vorliegt. Bei einer Gesamtzahl von 5,3 bis 5,6 Millionen Muslimen in Deutschland w\u00e4ren das mehr als eine Million Menschen.<\/p>\n<p>Betroffen sind demnach Muslime, die sich in besonderer Weise in ihrer pers\u00f6nlichen Weltanschauung gekr\u00e4nkt sehen, starke antiwestliche oder antisemitische Feindbilder pflegen und zugleich eine geringe Kritikf\u00e4higkeit zeigen. Die M\u00fcnsteraner Forscher fassen diese Kombination von Einstellungen unter dem Begriff \u201eRessentiment\u201c zusammen. Bei einer repr\u00e4sentativen Umfrage im Zeitraum von Juli 2023 bis April 2024 unter Muslimen mit Migrationshintergrund in Deutschland lie\u00dfen sich 19,9 Prozent der insgesamt 1887 Befragten dieser Gem\u00fctslage zuordnen.<\/p>\n<p>Eine Mehrheit dieser \u201eRessentiment\u201c-Gruppe bejaht zum Beispiel Fragen wie die, ob der Islam \u201edie einzige und <a class=\"is-link c-block-items__link c-link--rich-text-renderer\" href=\"https:\/\/www.welt.de\/regionales\/nrw\/article253956108\/Radikaler-Islam-Der-Begriff-Islamismus-ist-unverzichtbar.html\" data-internal-tracking-enabled=\"true\" data-internal-tracking=\"{&quot;action&quot;:&quot;click&quot;,&quot;label&quot;:&quot;link&quot;,&quot;name&quot;:&quot;Inline Element&quot;,&quot;data&quot;:{&quot;source&quot;:&quot;&quot;,&quot;target&quot;:&quot;https:\/\/www.welt.de\/regionales\/nrw\/article253956108\/Radikaler-Islam-Der-Begriff-Islamismus-ist-unverzichtbar.html&quot;,&quot;trackingName&quot;:&quot;&quot;,&quot;trackingLabel&quot;:&quot;&quot;}}\" target=\"_blank\" rel=\"noopener\">letztg\u00fcltige politische Autorit\u00e4t<\/a>\u201c sein sollte oder ob die islamischen Gesetze der Scharia \u201eviel besser als die deutschen Gesetze\u201c sind. Gewalt auf vermeintlich erlittenes Unrecht bef\u00fcrwortet jeder Dritte der \u201eRessentiment\u201c-Gruppe, das entspr\u00e4che deutschlandweit mehr als 300.000 Menschen. <\/p>\n<p>Jeder Zehnte der \u201eRessentiment\u201c-Gruppe w\u00fcrde nach eigener Aussage auch selbst Gewalt einsetzen, um sich \u201ef\u00fcr die Interessen von Muslimen\u201c einzusetzen. Das entspr\u00e4che rund 100.000 Menschen.<\/p>\n<p>\u201eMit der Affektlage des Ressentiments konnten wir einen neuen und sogar starken Radikalisierungsfaktor aufdecken\u201c, sagte die M\u00fcnsteraner Religionspsychologin Sarah Demmrich im Gespr\u00e4ch mit der NOZ. Nun m\u00fcsse unter anderem \u201edie innerislamische Kritikf\u00e4higkeit gest\u00e4rkt werden, um reflexive Auseinandersetzungen mit religi\u00f6sen und gesellschaftlichen Fragen zu f\u00f6rdern\u201c.<\/p>\n","protected":false},"excerpt":{"rendered":"Jeder f\u00fcnfte in Deutschland lebende Muslim mit Migrationshintergrund weist eine emotionale Verfassung auf, die Radikalisierung beg\u00fcnstigt. Das ist&hellip;\n","protected":false},"author":2,"featured_media":155894,"comment_status":"","ping_status":"","sticky":false,"template":"","format":"standard","meta":{"footnotes":""},"categories":[2],"tags":[331,3924,332,3922,3364,29,30,13,555,49172,3312,14,3923,15,3921,110,12],"class_list":{"0":"post-155893","1":"post","2":"type-post","3":"status-publish","4":"format-standard","5":"has-post-thumbnail","7":"category-deutschland","8":"tag-aktuelle-nachrichten","9":"tag-aktuelle-nachrichten-aus-deutschland","10":"tag-aktuelle-news","11":"tag-aktuelle-news-aus-deutschland","12":"tag-de","13":"tag-deutschland","14":"tag-germany","15":"tag-headlines","16":"tag-islam","17":"tag-islamismus-ks","18":"tag-muslime","19":"tag-nachrichten","20":"tag-nachrichten-aus-deutschland","21":"tag-news","22":"tag-news-aus-deutschland","23":"tag-newsteam","24":"tag-schlagzeilen"},"share_on_mastodon":{"url":"https:\/\/pubeurope.com\/@de\/114606428834424011","error":""},"_links":{"self":[{"href":"https:\/\/www.europesays.com\/de\/wp-json\/wp\/v2\/posts\/155893","targetHints":{"allow":["GET"]}}],"collection":[{"href":"https:\/\/www.europesays.com\/de\/wp-json\/wp\/v2\/posts"}],"about":[{"href":"https:\/\/www.europesays.com\/de\/wp-json\/wp\/v2\/types\/post"}],"author":[{"embeddable":true,"href":"https:\/\/www.europesays.com\/de\/wp-json\/wp\/v2\/users\/2"}],"replies":[{"embeddable":true,"href":"https:\/\/www.europesays.com\/de\/wp-json\/wp\/v2\/comments?post=155893"}],"version-history":[{"count":0,"href":"https:\/\/www.europesays.com\/de\/wp-json\/wp\/v2\/posts\/155893\/revisions"}],"wp:featuredmedia":[{"embeddable":true,"href":"https:\/\/www.europesays.com\/de\/wp-json\/wp\/v2\/media\/155894"}],"wp:attachment":[{"href":"https:\/\/www.europesays.com\/de\/wp-json\/wp\/v2\/media?parent=155893"}],"wp:term":[{"taxonomy":"category","embeddable":true,"href":"https:\/\/www.europesays.com\/de\/wp-json\/wp\/v2\/categories?post=155893"},{"taxonomy":"post_tag","embeddable":true,"href":"https:\/\/www.europesays.com\/de\/wp-json\/wp\/v2\/tags?post=155893"}],"curies":[{"name":"wp","href":"https:\/\/api.w.org\/{rel}","templated":true}]}}