{"id":155912,"date":"2025-06-01T05:31:09","date_gmt":"2025-06-01T05:31:09","guid":{"rendered":"https:\/\/www.europesays.com\/de\/155912\/"},"modified":"2025-06-01T05:31:09","modified_gmt":"2025-06-01T05:31:09","slug":"pol-del-stadt-delmenhorst-verkehrsunfall-mit-3-verletzten-und-kollision-mit-wohnhaus","status":"publish","type":"post","link":"https:\/\/www.europesays.com\/de\/155912\/","title":{"rendered":"POL-DEL: Stadt Delmenhorst: Verkehrsunfall mit 3 Verletzten und Kollision mit Wohnhaus"},"content":{"rendered":"<p class=\"date\">01.06.2025 \u2013 06:36<\/p>\n<p class=\"customer\">\n                        <a class=\"story-customer\" title=\"weiter zum newsroom von Polizeiinspektion Delmenhorst \/ Oldenburg - Land \/ Wesermarsch\" href=\"https:\/\/www.presseportal.de\/blaulicht\/nr\/68438\" rel=\"nofollow noopener\" target=\"_blank\">Polizeiinspektion Delmenhorst \/ Oldenburg &#8211; Land \/ Wesermarsch<\/a>\n                    <\/p>\n<p><a data-category=\"citylink-story-view\" data-action=\"click\" data-label=\"Citylink in Meldungsansicht\" class=\"story-city event-trigger\" href=\"https:\/\/www.presseportal.de\/regional\/Delmenhorst\" title=\"News aus Delmenhorst \" rel=\"nofollow noopener\" target=\"_blank\">Delmenhorst<\/a> (ots)<\/p>\n<p>Am fr\u00fchen Sonntagmorgen, gegen 03.50 Uhr, kam es im Kreuzungsbereich Sch\u00f6nemoorer Stra\u00dfe Ecke Dwostra\u00dfe zu einem Verkehrsunfall mit drei verletzten Personen. Ein Pkw aus Litauen, besetzt mit 4 Personen, befuhr die Sch\u00f6nemoorer Stra\u00dfe in Richtung stadteinw\u00e4rts. In H\u00f6he Dwostra\u00dfe bog zu diesem Zeitpunkt ein Pkw aus Delmenhorst, besetzt mit einer Person, nach links in die Sch\u00f6nemoorer Stra\u00dfe ab. Im Kreuzungsbereich kam es zu einer Kollision der beiden Fahrzeuge. Durch den Aufprall wurde der Pkw aus Litauen in eine Hauswand geschleudert, die dadurch stark besch\u00e4digt wurde. Von den 4 Insassen des liatuischen Pkw, allesamt wohnhaft in Delmenhorst, wurden zwei weibliche Personen, 16 und 17 Jahre alt, leicht verletzt. Der Fahrzeugf\u00fchrer, 19 Jahre sowie der vierte Insasse, 17 Jahre, bleiben unverletzt. Der 19-j\u00e4hrige Fahrzeugf\u00fchrer des Delmenhorster Pkw wurde ebenfalls leicht verletzt. Im Einsatz waren neben der Polizei mehrere Rettungswagen, welche die Verletzten ins Klinikum brachten. Die Hauswand musste durch einen Statiker gepr\u00fcft werden, der allerdings keine Einsturzgefahr sah. Es entstand hoher Sachschaden, die Schadenssumme steht noch nicht fest.<\/p>\n<p class=\"contact-headline\">R\u00fcckfragen bitte an:<\/p>\n<p class=\"contact-text\">Polizeiinspektion Delmenhorst\/Oldenburg-Land\/Wesermarsch<br \/>Pressestelle<br \/>Telefon: 04221-1559116<br \/>E-Mail: <a href=\"https:\/\/www.presseportal.de\/blaulicht\/pm\/68438\/mailto: pressestelle@pi-del.polizei.niedersachsen.de\" class=\"uri-mailto\" rel=\"nofollow noopener\" target=\"_blank\"> pressestelle@pi-del.polizei.niedersachsen.de<\/a> <br \/>Homepage: <a target=\"_blank\" class=\"uri-ext outbound\" rel=\"noopener nofollow\" href=\"https:\/\/t.co\/aQZG7qf8EJ\">https:\/\/t.co\/aQZG7qf8EJ<\/a><br \/>Social Media: <a target=\"_blank\" class=\"uri-ext outbound\" rel=\"noopener nofollow\" href=\"https:\/\/x.com\/Polizei_DEL\">https:\/\/x.com\/Polizei_DEL<\/a><\/p>\n<p class=\"originator\">Original-Content von: Polizeiinspektion Delmenhorst \/ Oldenburg &#8211; Land \/ Wesermarsch, \u00fcbermittelt durch news aktuell<\/p>\n","protected":false},"excerpt":{"rendered":"01.06.2025 \u2013 06:36 Polizeiinspektion Delmenhorst \/ Oldenburg &#8211; Land \/ Wesermarsch Delmenhorst (ots) Am fr\u00fchen Sonntagmorgen, gegen 03.50&hellip;\n","protected":false},"author":2,"featured_media":108,"comment_status":"","ping_status":"","sticky":false,"template":"","format":"standard","meta":{"footnotes":""},"categories":[1824],"tags":[2420,3364,29,30,177,5404,121,178,180,179,181],"class_list":{"0":"post-155912","1":"post","2":"type-post","3":"status-publish","4":"format-standard","5":"has-post-thumbnail","7":"category-bremen","8":"tag-bremen","9":"tag-de","10":"tag-deutschland","11":"tag-germany","12":"tag-kriminalitt","13":"tag-ni","14":"tag-polizei","15":"tag-presse","16":"tag-pressemeldung","17":"tag-pressemitteilung","18":"tag-pressemitteilungen"},"share_on_mastodon":{"url":"https:\/\/pubeurope.com\/@de\/114606472145852653","error":""},"_links":{"self":[{"href":"https:\/\/www.europesays.com\/de\/wp-json\/wp\/v2\/posts\/155912","targetHints":{"allow":["GET"]}}],"collection":[{"href":"https:\/\/www.europesays.com\/de\/wp-json\/wp\/v2\/posts"}],"about":[{"href":"https:\/\/www.europesays.com\/de\/wp-json\/wp\/v2\/types\/post"}],"author":[{"embeddable":true,"href":"https:\/\/www.europesays.com\/de\/wp-json\/wp\/v2\/users\/2"}],"replies":[{"embeddable":true,"href":"https:\/\/www.europesays.com\/de\/wp-json\/wp\/v2\/comments?post=155912"}],"version-history":[{"count":0,"href":"https:\/\/www.europesays.com\/de\/wp-json\/wp\/v2\/posts\/155912\/revisions"}],"wp:featuredmedia":[{"embeddable":true,"href":"https:\/\/www.europesays.com\/de\/wp-json\/wp\/v2\/media\/108"}],"wp:attachment":[{"href":"https:\/\/www.europesays.com\/de\/wp-json\/wp\/v2\/media?parent=155912"}],"wp:term":[{"taxonomy":"category","embeddable":true,"href":"https:\/\/www.europesays.com\/de\/wp-json\/wp\/v2\/categories?post=155912"},{"taxonomy":"post_tag","embeddable":true,"href":"https:\/\/www.europesays.com\/de\/wp-json\/wp\/v2\/tags?post=155912"}],"curies":[{"name":"wp","href":"https:\/\/api.w.org\/{rel}","templated":true}]}}