{"id":155918,"date":"2025-06-01T05:35:11","date_gmt":"2025-06-01T05:35:11","guid":{"rendered":"https:\/\/www.europesays.com\/de\/155918\/"},"modified":"2025-06-01T05:35:11","modified_gmt":"2025-06-01T05:35:11","slug":"bezirksvertretung-brackel-beraet-ueber-pumploesung","status":"publish","type":"post","link":"https:\/\/www.europesays.com\/de\/155918\/","title":{"rendered":"Bezirksvertretung Brackel ber\u00e4t \u00fcber Pumpl\u00f6sung"},"content":{"rendered":"<p>\t\tProblem am Wickeder Waldsee in Dortmund<br \/>\n\t\t\t\t\tBezirksvertretung Brackel ber\u00e4t \u00fcber Pumpl\u00f6sung<\/p>\n<p>\t\t<img alt=\"\" src=\"https:\/\/www.europesays.com\/de\/wp-content\/uploads\/2025\/05\/630_0036_48786_.jpg\"  class=\"avatar avatar-36 photo avatar-default\" height=\"36\" width=\"36\" loading=\"lazy\" decoding=\"async\"\/>\t\t<a class=\"article-author__name\" href=\"https:\/\/www.ruhrnachrichten.de\/author\/andreas-schroeter\/\" rel=\"author noopener\" target=\"_blank\">Andreas Schr\u00f6ter<\/a><br \/>\n\t\tRedakteur<\/p>\n<p>\t01.06.2025 05:55 Uhr<\/p>\n<p>\t\tTeilen<\/p>\n<p>\n\tIn Merkliste \u00fcbernehmen\n<\/p>\n<p>    <a href=\"https:\/\/www.ruhrnachrichten.de\/wp-content\/uploads\/2025\/05\/30\/14\/630_0900_4753631_IMG_6056-1648x824.jpg\" target=\"_blank\" rel=\"noopener\"><\/p>\n<p>            <img decoding=\"async\" fetchpriority=\"high\" src=\"https:\/\/www.europesays.com\/de\/wp-content\/uploads\/2025\/06\/630_0900_4753630_IMG_6056-640x428.jpg\" width=\"640\" height=\"428\"  alt=\"Der Pegelstand des Wickeder Waldsees ist nach dem relativ trockenen Mai etwas zur\u00fcckgegangen. Die Gartenbank auf diesem Grundst\u00fcck stand vor weniger Wochen noch mit allen vier F\u00fc\u00dfen im Wasser.\"\/><\/p>\n<p>    <\/a><br \/>\n    Der Pegelstand des Wickeder Waldsees ist nach dem relativ trockenen Mai etwas zur\u00fcckgegangen. Die Gartenbank auf diesem Grundst\u00fcck stand vor weniger Wochen noch mit allen vier F\u00fc\u00dfen im Wasser. \u00a9 Andreas Schr\u00f6ter<\/p>\n<p class=\"article__teaser-text\">Die Bezirksvertretung Brackel ber\u00e4t am 5. Juni \u00fcber den Wickeder Waldsee: Das Wasser soll abgepumpt werden, um Wohnh\u00e4user vor \u00dcberflutung zu sch\u00fctzen.<\/p>\n<p>2 Min Lesezeit<\/p>\n<p>\n\t<a href=\"https:\/\/www.ruhrnachrichten.de\" class=\"button button--brand button--link home-button\" target=\"_blank\" rel=\"noopener\">Zur Startseite<\/a><\/p>\n","protected":false},"excerpt":{"rendered":"Problem am Wickeder Waldsee in Dortmund Bezirksvertretung Brackel ber\u00e4t \u00fcber Pumpl\u00f6sung Andreas Schr\u00f6ter Redakteur 01.06.2025 05:55 Uhr Teilen&hellip;\n","protected":false},"author":2,"featured_media":155919,"comment_status":"","ping_status":"","sticky":false,"template":"","format":"standard","meta":{"footnotes":""},"categories":[1833],"tags":[3364,29,217,30,10388,1209,17109],"class_list":{"0":"post-155918","1":"post","2":"type-post","3":"status-publish","4":"format-standard","5":"has-post-thumbnail","7":"category-dortmund","8":"tag-de","9":"tag-deutschland","10":"tag-dortmund","11":"tag-germany","12":"tag-natur-umwelt","13":"tag-nordrhein-westfalen","14":"tag-wickede"},"share_on_mastodon":{"url":"https:\/\/pubeurope.com\/@de\/114606487919744132","error":""},"_links":{"self":[{"href":"https:\/\/www.europesays.com\/de\/wp-json\/wp\/v2\/posts\/155918","targetHints":{"allow":["GET"]}}],"collection":[{"href":"https:\/\/www.europesays.com\/de\/wp-json\/wp\/v2\/posts"}],"about":[{"href":"https:\/\/www.europesays.com\/de\/wp-json\/wp\/v2\/types\/post"}],"author":[{"embeddable":true,"href":"https:\/\/www.europesays.com\/de\/wp-json\/wp\/v2\/users\/2"}],"replies":[{"embeddable":true,"href":"https:\/\/www.europesays.com\/de\/wp-json\/wp\/v2\/comments?post=155918"}],"version-history":[{"count":0,"href":"https:\/\/www.europesays.com\/de\/wp-json\/wp\/v2\/posts\/155918\/revisions"}],"wp:featuredmedia":[{"embeddable":true,"href":"https:\/\/www.europesays.com\/de\/wp-json\/wp\/v2\/media\/155919"}],"wp:attachment":[{"href":"https:\/\/www.europesays.com\/de\/wp-json\/wp\/v2\/media?parent=155918"}],"wp:term":[{"taxonomy":"category","embeddable":true,"href":"https:\/\/www.europesays.com\/de\/wp-json\/wp\/v2\/categories?post=155918"},{"taxonomy":"post_tag","embeddable":true,"href":"https:\/\/www.europesays.com\/de\/wp-json\/wp\/v2\/tags?post=155918"}],"curies":[{"name":"wp","href":"https:\/\/api.w.org\/{rel}","templated":true}]}}