{"id":155925,"date":"2025-06-01T05:39:08","date_gmt":"2025-06-01T05:39:08","guid":{"rendered":"https:\/\/www.europesays.com\/de\/155925\/"},"modified":"2025-06-01T05:39:08","modified_gmt":"2025-06-01T05:39:08","slug":"duesseldorf-millionenschaden-geldautomatensprenger-vor-gericht","status":"publish","type":"post","link":"https:\/\/www.europesays.com\/de\/155925\/","title":{"rendered":"D\u00fcsseldorf: Millionenschaden &#8211; Geldautomatensprenger vor Gericht"},"content":{"rendered":"<p class=\"text_ohne_einzug richtext text-em-55 !leading-serif mx-6 desktop:mx-0\">Banden von Geldautomatensprengern aus den Niederlanden sorgen in <a href=\"https:\/\/rp-online.de\/thema\/nordrhein-westfalen\/\" target=\"_blank\" rel=\"noopener\">Nordrhein-Westfalen<\/a> immer wieder f\u00fcr Aufsehen, jetzt steht ein mutma\u00dfliches Mitglied einer solchen Bande in D\u00fcsseldorf vor Gericht. Dem 28-j\u00e4hrigen Marokkaner mit Wohnsitz in Amsterdam wird schwerer Bandendiebstahl, gemeinsch\u00e4dliche Sachbesch\u00e4digung und die Herbeif\u00fchrung einer Sprengstoffexplosion vorgeworfen.<\/p>\n","protected":false},"excerpt":{"rendered":"Banden von Geldautomatensprengern aus den Niederlanden sorgen in Nordrhein-Westfalen immer wieder f\u00fcr Aufsehen, jetzt steht ein mutma\u00dfliches Mitglied&hellip;\n","protected":false},"author":2,"featured_media":155926,"comment_status":"","ping_status":"","sticky":false,"template":"","format":"standard","meta":{"footnotes":""},"categories":[1831],"tags":[3364,29,3405,30,1209,1269],"class_list":{"0":"post-155925","1":"post","2":"type-post","3":"status-publish","4":"format-standard","5":"has-post-thumbnail","7":"category-duesseldorf","8":"tag-de","9":"tag-deutschland","10":"tag-duesseldorf","11":"tag-germany","12":"tag-nordrhein-westfalen","13":"tag-prozess"},"share_on_mastodon":{"url":"https:\/\/pubeurope.com\/@de\/114606503575100096","error":""},"_links":{"self":[{"href":"https:\/\/www.europesays.com\/de\/wp-json\/wp\/v2\/posts\/155925","targetHints":{"allow":["GET"]}}],"collection":[{"href":"https:\/\/www.europesays.com\/de\/wp-json\/wp\/v2\/posts"}],"about":[{"href":"https:\/\/www.europesays.com\/de\/wp-json\/wp\/v2\/types\/post"}],"author":[{"embeddable":true,"href":"https:\/\/www.europesays.com\/de\/wp-json\/wp\/v2\/users\/2"}],"replies":[{"embeddable":true,"href":"https:\/\/www.europesays.com\/de\/wp-json\/wp\/v2\/comments?post=155925"}],"version-history":[{"count":0,"href":"https:\/\/www.europesays.com\/de\/wp-json\/wp\/v2\/posts\/155925\/revisions"}],"wp:featuredmedia":[{"embeddable":true,"href":"https:\/\/www.europesays.com\/de\/wp-json\/wp\/v2\/media\/155926"}],"wp:attachment":[{"href":"https:\/\/www.europesays.com\/de\/wp-json\/wp\/v2\/media?parent=155925"}],"wp:term":[{"taxonomy":"category","embeddable":true,"href":"https:\/\/www.europesays.com\/de\/wp-json\/wp\/v2\/categories?post=155925"},{"taxonomy":"post_tag","embeddable":true,"href":"https:\/\/www.europesays.com\/de\/wp-json\/wp\/v2\/tags?post=155925"}],"curies":[{"name":"wp","href":"https:\/\/api.w.org\/{rel}","templated":true}]}}