{"id":155927,"date":"2025-06-01T05:40:08","date_gmt":"2025-06-01T05:40:08","guid":{"rendered":"https:\/\/www.europesays.com\/de\/155927\/"},"modified":"2025-06-01T05:40:08","modified_gmt":"2025-06-01T05:40:08","slug":"flughafen-duesseldorf-verkuendet-es-selbst-es-geschieht-vor-den-sommerferien-2","status":"publish","type":"post","link":"https:\/\/www.europesays.com\/de\/155927\/","title":{"rendered":"Flughafen D\u00fcsseldorf verk\u00fcndet es selbst \u2013 es geschieht vor den Sommerferien"},"content":{"rendered":"<p>Die Sommerferien stehen unmittelbar vor der T\u00fcr! Und f\u00fcr viele von uns hei\u00dft das: Ab in den wohlverdienten Jahresurlaub. Kurz vor dem Start der Sommerferien hatte der Flughafen D\u00fcsseldorf noch etwas zu verk\u00fcnden.<\/p>\n<p>Am 14. Juli startet NRW in die Sommerferien. Rund anderthalb Monate davor kommt es am Flughafen D\u00fcsseldorf aber noch zu einem gro\u00dfen Jubil\u00e4um, wie der Airport selbst verk\u00fcndete.<\/p>\n<p>Flughafen D\u00fcsseldorf und Air France arbeiten seit vielen Jahren zusammen<\/p>\n<p>Am Flughafen D\u00fcsseldorf gibt es am Sonntag (1. Juni) ein gro\u00dfes Jubil\u00e4um: 75 Jahre Air France! Seit 1950 verbindet die Airline den Rhein mit der Seine. \u201eAm 1. Juni 1950 setzte erstmals eine Maschine der Air France aus Paris zur Landung in D\u00fcsseldorf an \u2013 eine Languedoc aus franz\u00f6sischer Produktion. Heute, 75 Jahre sp\u00e4ter, geh\u00f6rt die Verbindung zu den traditionsreichsten internationalen Linien Europas \u2013 und ist eine gefragte Strecke f\u00fcr Gesch\u00e4ftsreisende, Urlauber und Umsteiger gleicherma\u00dfen\u201c, verk\u00fcnden die Flughafen-Verantwortlichen stolz in einer Pressemitteilung.<\/p>\n<p><a href=\"https:\/\/www.derwesten.de\/region\/flughafen-duesseldorf-arbeitslose-zoll-gepaeck-irre-id301600855.html\" rel=\"nofollow noopener\" target=\"_blank\">+++Arbeitslose wollen am Flughafen D\u00fcsseldorf abheben \u2013 irre, was sie im Gep\u00e4ck verstecken+++<\/a><\/p>\n<p>Air France fliegt heute bis zu sechsmal t\u00e4glich in die franz\u00f6sische Hauptstadt \u2013 und bindet D\u00fcsseldorf damit auch an das internationale Drehkreuz Paris-Charles de Gaulle an. Von dort erreichen Reisende ab D\u00fcsseldorf viele Langstreckenziele der Airline.<\/p>\n<p>Flughafen D\u00fcsseldorf: \u201eEin verl\u00e4sslicher Partner f\u00fcr uns\u201c<\/p>\n<p>\u201eF\u00e9licitations an Air France, herzlichen Gl\u00fcckwunsch zu 75 Jahren am DUS! Seit Jahrzehnten ist sie ein verl\u00e4sslicher Partner f\u00fcr uns. Die Verbindung zwischen Rhein und Seine steht f\u00fcr Best\u00e4ndigkeit im europ\u00e4ischen Luftverkehr. Wir blicken mit Vorfreude auf viele weitere Kapitel unserer Partnerschaft\u201c, betont Lars Redeligx, Vorsitzender der Gesch\u00e4ftsf\u00fchrung der Flughafen D\u00fcsseldorf GmbH.<\/p>\n<p>Mehr Themen und Nachrichten haben wir hier f\u00fcr dich zusammengefasst:<\/p>\n<p>Und auch Carl Schelleman, Deutschland-Direktor Air France-KLM, ist gl\u00fccklich \u00fcber diesen Meilenstein: \u201eWir freuen uns sehr, dass diese traditionsreiche Verbindung nach D\u00fcsseldorf \u00fcber so viele Jahrzehnte Bestand hat. \u00dcber unser Drehkreuz Paris-Charles de Gaulle k\u00f6nnen die Passagiere aus Nordrhein-Westfalen auf unser Streckennetz von mehr als 190 Destinationen weltweit zugreifen.\u201c<\/p>\n","protected":false},"excerpt":{"rendered":"Die Sommerferien stehen unmittelbar vor der T\u00fcr! Und f\u00fcr viele von uns hei\u00dft das: Ab in den wohlverdienten&hellip;\n","protected":false},"author":2,"featured_media":151143,"comment_status":"","ping_status":"","sticky":false,"template":"","format":"standard","meta":{"footnotes":""},"categories":[1831],"tags":[3364,29,3405,3444,30,1209],"class_list":{"0":"post-155927","1":"post","2":"type-post","3":"status-publish","4":"format-standard","5":"has-post-thumbnail","7":"category-duesseldorf","8":"tag-de","9":"tag-deutschland","10":"tag-duesseldorf","11":"tag-flughafen-duesseldorf","12":"tag-germany","13":"tag-nordrhein-westfalen"},"share_on_mastodon":{"url":"https:\/\/pubeurope.com\/@de\/114606507594106090","error":""},"_links":{"self":[{"href":"https:\/\/www.europesays.com\/de\/wp-json\/wp\/v2\/posts\/155927","targetHints":{"allow":["GET"]}}],"collection":[{"href":"https:\/\/www.europesays.com\/de\/wp-json\/wp\/v2\/posts"}],"about":[{"href":"https:\/\/www.europesays.com\/de\/wp-json\/wp\/v2\/types\/post"}],"author":[{"embeddable":true,"href":"https:\/\/www.europesays.com\/de\/wp-json\/wp\/v2\/users\/2"}],"replies":[{"embeddable":true,"href":"https:\/\/www.europesays.com\/de\/wp-json\/wp\/v2\/comments?post=155927"}],"version-history":[{"count":0,"href":"https:\/\/www.europesays.com\/de\/wp-json\/wp\/v2\/posts\/155927\/revisions"}],"wp:featuredmedia":[{"embeddable":true,"href":"https:\/\/www.europesays.com\/de\/wp-json\/wp\/v2\/media\/151143"}],"wp:attachment":[{"href":"https:\/\/www.europesays.com\/de\/wp-json\/wp\/v2\/media?parent=155927"}],"wp:term":[{"taxonomy":"category","embeddable":true,"href":"https:\/\/www.europesays.com\/de\/wp-json\/wp\/v2\/categories?post=155927"},{"taxonomy":"post_tag","embeddable":true,"href":"https:\/\/www.europesays.com\/de\/wp-json\/wp\/v2\/tags?post=155927"}],"curies":[{"name":"wp","href":"https:\/\/api.w.org\/{rel}","templated":true}]}}