{"id":155949,"date":"2025-06-01T05:53:15","date_gmt":"2025-06-01T05:53:15","guid":{"rendered":"https:\/\/www.europesays.com\/de\/155949\/"},"modified":"2025-06-01T05:53:15","modified_gmt":"2025-06-01T05:53:15","slug":"ehrenplatz-fuer-harald-juhnke-am-kurfuerstendamm-geplant","status":"publish","type":"post","link":"https:\/\/www.europesays.com\/de\/155949\/","title":{"rendered":"Ehrenplatz f\u00fcr Harald Juhnke am Kurf\u00fcrstendamm geplant"},"content":{"rendered":"<p>Barfu\u00df oder Lackschuh <\/p>\n<p>So gro\u00df wird Harald Juhnkes Ehrenplatz<\/p>\n<p>01.06.2025 &#8211; 05:37 UhrLesedauer: 1 Min.<\/p>\n<p><a href=\"#focus-0\" class=\"transition-colors duration-200 focus-within:text-magenta block text-current relative\" data-sctrack=\"FocusGalleryImage.Reference\"><img fetchpriority=\"high\" data-testid=\"Opener.Image\" style=\"--lqipURL:url('https:\/\/images.t-online.de\/2025\/03\/9ibd9PPcGEyy\/0x107:2048x1152\/fit-in\/150x0\/filters:blur(25)\/das-strassenschild-gibt-es-schon-am-kurfuerstendamm-soll-ein-platz-bald-an-harald-juhnke-erinnern.jpg')\"   loading=\"eager\" src=\"https:\/\/www.europesays.com\/de\/wp-content\/uploads\/2025\/06\/das-strassenschild-gibt-es-schon-am-kurfuerstendamm-soll-ein-platz-bald-an-harald-juhnke-erinnern.jp.jpeg\" alt=\"Bekommt Berlin einen Harald-Juhnke-Platz?\" title=\"Bekommt Berlin einen Harald-Juhnke-Platz?\" width=\"2048\" height=\"1152\" class=\"bg-[url:var(--lqipURL)] bg-cover bg-center flex w-full max-w-full h-full\" decoding=\"async\"\/><img style=\"--width:32;--height:32\" loading=\"lazy\" src=\"https:\/\/www.europesays.com\/de\/wp-content\/uploads\/2025\/05\/zoom-in.f7dae02f.svg.svg+xml\" alt=\"Vergr\u00f6\u00dfern des Bildes\" title=\"Vergr\u00f6\u00dfern des Bildes\" class=\"&#10;        block&#10;        h-[calc(var(--height)_\/_16_*_1rem)]&#10;        w-[calc(var(--width)_\/_16_*_1rem)]&#10;        max-w-none&#10;        absolute bottom-8 right-8 rounded-4 bg-snow p-8\" decoding=\"async\"\/><\/a><\/p>\n<p>Ein Mann h\u00e4lt ein Schild mit &#8222;Harald-Juhnke-Platz&#8220; hoch: Das Stra\u00dfenschild gibt es schon, der Platz l\u00e4sst aber weiterhin auf sich warten. Am 1. September soll es jetzt soweit sein. (Quelle: Joerg Carstensen\/dpa\/dpa-bilder)<\/p>\n<p class=\"font-bold text-18 leading-17\">Am Kurf\u00fcrstendamm in Berlin entsteht ein Harald-Juhnke-Platz. Die 470 Quadratmeter gro\u00dfe Fl\u00e4che steht fest \u2013 doch eine H\u00fcrde gibt es noch zu \u00fcberwinden.<\/p>\n<p class=\"text-18 leading-17\">Am Berliner <a class=\"transition-colors duration-200 cursor-pointer text-inherit no-underline text-salemsfur md:hover:text-magenta md:hover:border-magenta md:focus:text-magenta border-current border-b border-solid break-words\" href=\"https:\/\/www.t-online.de\/themen\/kurfuerstendamm\/\" data-sctrack=\"BodyAnchor\" target=\"_blank\" rel=\"noopener\">Kurf\u00fcrstendamm<\/a> soll schon bald ein Harald-Juhnke-Platz an den legend\u00e4ren Entertainer erinnern. Das Bezirksamt Charlottenburg-Wilmersdorf hat nun die genaue Fl\u00e4che f\u00fcr die geplante Ehrung festgelegt: Das Areal an der Kreuzung Kurf\u00fcrstendamm, Grolmanstra\u00dfe und Uhlandstra\u00dfe umfasst knapp 470 Quadratmeter.<\/p>\n<p class=\"text-18 leading-17\">Die offizielle Benennung nach dem Berliner Schauspieler und Entertainer soll m\u00f6glichst bald erfolgen, wie das Bezirksamt auf dpa-Anfrage mitteilte. Allerdings muss noch eine wichtige Frist abgewartet werden: Die Umbenennung wird erst am 1. September wirksam, sofern bis dahin keine Widerspr\u00fcche gegen das Vorhaben eingehen.<\/p>\n<p class=\"text-18 leading-17\">Die FDP-Fraktion im Bezirksparlament, die die Initiative f\u00fcr den Harald-Juhnke-Platz vorangetrieben hat, ist bereits bestens vorbereitet. Das entsprechende Stra\u00dfenschild wurde l\u00e4ngst anfertigen lassen und wartet nur noch auf den offiziellen Startschuss f\u00fcr die Aufstellung.<\/p>\n<p class=\"text-18 leading-17\">Harald Juhnke kam 1929 in der St\u00e4dtischen Frauenklinik Charlottenburg zur Welt und begann fr\u00fch seine Laufbahn als Schauspieler. Rund f\u00fcnf Jahrzehnte lang pr\u00e4gte er die deutsche Unterhaltungsbranche in Theater und Fernsehen. Besonders eng war er mit der Theaterszene im Berliner Westen verbunden. Der vielseitige K\u00fcnstler starb am 1. April 2005 an den Folgen seiner Alkoholkrankheit.<\/p>\n","protected":false},"excerpt":{"rendered":"Barfu\u00df oder Lackschuh So gro\u00df wird Harald Juhnkes Ehrenplatz 01.06.2025 &#8211; 05:37 UhrLesedauer: 1 Min. Ein Mann h\u00e4lt&hellip;\n","protected":false},"author":2,"featured_media":155950,"comment_status":"","ping_status":"","sticky":false,"template":"","format":"standard","meta":{"footnotes":""},"categories":[1825],"tags":[722,3176,296,54882,2325,29,30,3050,8368,54881],"class_list":{"0":"post-155949","1":"post","2":"type-post","3":"status-publish","4":"format-standard","5":"has-post-thumbnail","7":"category-berlin","8":"tag-722","9":"tag-3176","10":"tag-berlin","11":"tag-bezirksamt-charlottenburg-wilmersdorf","12":"tag-charlottenburg","13":"tag-deutschland","14":"tag-germany","15":"tag-harald-juhnke","16":"tag-kurfuerstendamm","17":"tag-lackschuh"},"share_on_mastodon":{"url":"https:\/\/pubeurope.com\/@de\/114606558675642572","error":""},"_links":{"self":[{"href":"https:\/\/www.europesays.com\/de\/wp-json\/wp\/v2\/posts\/155949","targetHints":{"allow":["GET"]}}],"collection":[{"href":"https:\/\/www.europesays.com\/de\/wp-json\/wp\/v2\/posts"}],"about":[{"href":"https:\/\/www.europesays.com\/de\/wp-json\/wp\/v2\/types\/post"}],"author":[{"embeddable":true,"href":"https:\/\/www.europesays.com\/de\/wp-json\/wp\/v2\/users\/2"}],"replies":[{"embeddable":true,"href":"https:\/\/www.europesays.com\/de\/wp-json\/wp\/v2\/comments?post=155949"}],"version-history":[{"count":0,"href":"https:\/\/www.europesays.com\/de\/wp-json\/wp\/v2\/posts\/155949\/revisions"}],"wp:featuredmedia":[{"embeddable":true,"href":"https:\/\/www.europesays.com\/de\/wp-json\/wp\/v2\/media\/155950"}],"wp:attachment":[{"href":"https:\/\/www.europesays.com\/de\/wp-json\/wp\/v2\/media?parent=155949"}],"wp:term":[{"taxonomy":"category","embeddable":true,"href":"https:\/\/www.europesays.com\/de\/wp-json\/wp\/v2\/categories?post=155949"},{"taxonomy":"post_tag","embeddable":true,"href":"https:\/\/www.europesays.com\/de\/wp-json\/wp\/v2\/tags?post=155949"}],"curies":[{"name":"wp","href":"https:\/\/api.w.org\/{rel}","templated":true}]}}