{"id":155951,"date":"2025-06-01T05:54:08","date_gmt":"2025-06-01T05:54:08","guid":{"rendered":"https:\/\/www.europesays.com\/de\/155951\/"},"modified":"2025-06-01T05:54:08","modified_gmt":"2025-06-01T05:54:08","slug":"vor-15-jahren-hertha-holt-raffa-bruder-ronny-sport","status":"publish","type":"post","link":"https:\/\/www.europesays.com\/de\/155951\/","title":{"rendered":"Vor 15 Jahren: Hertha holt Raffa-Bruder Ronny | Sport"},"content":{"rendered":"<p><b>\u201eHertha BSC vor 15 Jahren\u201c ist eine Serie, in der BILD historische Artikel wieder zum Leben erweckt. Lesen Sie heute, was den Klub im Jahr 2010 bewegte.<\/b><\/p>\n<p>Der Artikel \u201eHertha holt Raffa-Bruder Ronny\u201c ist am 1. Juni 2010 bei BILD erschienen<\/p>\n<p>Die Brasilien-Profis Raffael (25) und Ronny (24) im Doppelpack bei <a href=\"https:\/\/www.bild.de\/sport\/fussball\/hertha-bsc\/startseite-hertha-bsc-31074436.bild.html\" class=\"text-link\" rel=\"nofollow noopener\" target=\"_blank\">Hertha<\/a>! Gestern kurz vor der Mitgliederversammlung wurde dieser Familien-Deal perfekt gemacht. Hertha hat beide f\u00fcr die 2. Liga verpflichtet. Diese gute Nachricht verk\u00fcndete der Bundesliga-Absteiger gestern Abend den \u00fcberraschten Mitgliedern.<\/p>\n<p>Auch interessant<\/p>\n<p>Anzeige<\/p>\n<p>Auch interessant<\/p>\n<p>Anzeige<\/p>\n<p><b>Raffael hat einen neuen Vertrag bis 2014 unterschrieben. Sein Bruder Ronny bekommt einen Vertrag bis 2013. Ronny wechselt abl\u00f6sefrei von Sporting Lissabon. Vom portugiesischen Spitzenklub war er in der abgelaufenen Saison an Uniao Leiria ausgeliehen.<\/b><\/p>\n<p>Manager Michael Preetz: \u201eDas ist ein starkes Zeichen f\u00fcr den Aufstieg.\u201c<\/p>\n<p>Raffael: \u201eIch bin mit Hertha abgestiegen, laufe aber nicht weg. Jetzt steigen wir wieder auf.\u201c<\/p>\n<p>Raffael (seit Januar 2008 bei Hertha) soll der Dreh- und Angelpunkt im Offensiv-Spiel des neuen Zweitliga-Teams der Berliner werden. Auf der linken Abwehr-Seite soll jetzt Bruder Ronny abr\u00e4umen.<\/p>\n<p>Raffael und Ronny gemeinsam f\u00fcr Hertha \u2013 das freut auch den Vater der beiden, Caetano de Araujo. Der Papa sagt zu BILD: \u201eIch habe so lange zu Gott gebetet, dass meine S\u00f6hne zusammen spielen k\u00f6nnen. Und jetzt gibt es Gott sei Dank dieser M\u00f6glichkeit bei Hertha. Das ist einfach sensationell, es ist ein Segen.\u201c<\/p>\n<p>Raffael und Ronny hatten 2003 als Jung-Profis schon mal kurz gemeinsam beim Brasilien-Klub CA Juventus zusammengespielt. Raffael ging anschlie\u00dfend in die Schweiz nach Ciasso und Z\u00fcrich, w\u00e4hrend Ronny bei Corinthians anheuerte.<\/p>\n<p>Sieben Jahre sp\u00e4ter erfolgt jetzt die \u201eFamilien-Zusammenf\u00fchrung\u201c bei Hertha.<\/p>\n<p>Heute d\u00fcsen beide \u00fcbrigens gemeinsam in die Heimat in den Urlaub \u2013 um im Juli dann das Projekt Wiederaufstieg in Angriff zu nehmen.<\/p>\n","protected":false},"excerpt":{"rendered":"\u201eHertha BSC vor 15 Jahren\u201c ist eine Serie, in der BILD historische Artikel wieder zum Leben erweckt. Lesen&hellip;\n","protected":false},"author":2,"featured_media":155952,"comment_status":"","ping_status":"","sticky":false,"template":"","format":"standard","meta":{"footnotes":""},"categories":[1825],"tags":[296,29,30,3890,1088,3891,45],"class_list":{"0":"post-155951","1":"post","2":"type-post","3":"status-publish","4":"format-standard","5":"has-post-thumbnail","7":"category-berlin","8":"tag-berlin","9":"tag-deutschland","10":"tag-germany","11":"tag-graubrot","12":"tag-hertha-bsc","13":"tag-retro-geschichten","14":"tag-texttospeech"},"share_on_mastodon":{"url":"https:\/\/pubeurope.com\/@de\/114606562850269310","error":""},"_links":{"self":[{"href":"https:\/\/www.europesays.com\/de\/wp-json\/wp\/v2\/posts\/155951","targetHints":{"allow":["GET"]}}],"collection":[{"href":"https:\/\/www.europesays.com\/de\/wp-json\/wp\/v2\/posts"}],"about":[{"href":"https:\/\/www.europesays.com\/de\/wp-json\/wp\/v2\/types\/post"}],"author":[{"embeddable":true,"href":"https:\/\/www.europesays.com\/de\/wp-json\/wp\/v2\/users\/2"}],"replies":[{"embeddable":true,"href":"https:\/\/www.europesays.com\/de\/wp-json\/wp\/v2\/comments?post=155951"}],"version-history":[{"count":0,"href":"https:\/\/www.europesays.com\/de\/wp-json\/wp\/v2\/posts\/155951\/revisions"}],"wp:featuredmedia":[{"embeddable":true,"href":"https:\/\/www.europesays.com\/de\/wp-json\/wp\/v2\/media\/155952"}],"wp:attachment":[{"href":"https:\/\/www.europesays.com\/de\/wp-json\/wp\/v2\/media?parent=155951"}],"wp:term":[{"taxonomy":"category","embeddable":true,"href":"https:\/\/www.europesays.com\/de\/wp-json\/wp\/v2\/categories?post=155951"},{"taxonomy":"post_tag","embeddable":true,"href":"https:\/\/www.europesays.com\/de\/wp-json\/wp\/v2\/tags?post=155951"}],"curies":[{"name":"wp","href":"https:\/\/api.w.org\/{rel}","templated":true}]}}