{"id":155955,"date":"2025-06-01T05:56:13","date_gmt":"2025-06-01T05:56:13","guid":{"rendered":"https:\/\/www.europesays.com\/de\/155955\/"},"modified":"2025-06-01T05:56:13","modified_gmt":"2025-06-01T05:56:13","slug":"zehntausende-fordern-sichere-radwege-am-sonntag","status":"publish","type":"post","link":"https:\/\/www.europesays.com\/de\/155955\/","title":{"rendered":"Zehntausende fordern sichere Radwege am Sonntag"},"content":{"rendered":"<p>Fahrrad-Demo <\/p>\n<p>Zehntausende zu Sternfahrt quer durch Berlin erwartet<\/p>\n<p>01.06.2025 &#8211; 07:44 UhrLesedauer: 1 Min.<\/p>\n<p><a href=\"#focus-0\" class=\"transition-colors duration-200 focus-within:text-magenta block text-current relative\" data-sctrack=\"FocusGalleryImage.Reference\"><img fetchpriority=\"high\" data-testid=\"Opener.Image\" style=\"--lqipURL:url('https:\/\/images.t-online.de\/2025\/06\/V4-ogKQErf6f\/0x75:800x450\/fit-in\/150x0\/filters:blur(25)\/teilnehmer-der-adfc-sternfahrt-fahren-ueber-die-fuer-autos-gesperrte-autobahn-teilstrecke-avus-der-a115-archivbild-zehntausende-bei-adfc-fahrradsternfahrt-in-berlin-erwartet.jpg')\"   loading=\"eager\" src=\"https:\/\/www.europesays.com\/de\/wp-content\/uploads\/2025\/06\/teilnehmer-der-adfc-sternfahrt-fahren-ueber-die-fuer-autos-gesperrte-autobahn-teilstrecke-avus-der-a.jpeg\" alt=\"urn:newsml:dpa.com:20090101:250529-935-618047\" title=\"urn:newsml:dpa.com:20090101:250529-935-618047\" width=\"800\" height=\"450\" class=\"bg-[url:var(--lqipURL)] bg-cover bg-center flex w-full max-w-full h-full\" decoding=\"async\"\/><img style=\"--width:32;--height:32\" loading=\"lazy\" src=\"https:\/\/www.europesays.com\/de\/wp-content\/uploads\/2025\/05\/zoom-in.f7dae02f.svg.svg+xml\" alt=\"Vergr\u00f6\u00dfern des Bildes\" title=\"Vergr\u00f6\u00dfern des Bildes\" class=\"&#10;        block&#10;        h-[calc(var(--height)_\/_16_*_1rem)]&#10;        w-[calc(var(--width)_\/_16_*_1rem)]&#10;        max-w-none&#10;        absolute bottom-8 right-8 rounded-4 bg-snow p-8\" decoding=\"async\"\/><\/a><\/p>\n<p>Teilnehmer der ADFC-Sternfahrt fahren \u00fcber die f\u00fcr Autos gesperrte Autobahn-Teilstrecke Avus der A115 (Archivbild): Zehntausende bei ADFC-Fahrradsternfahrt in Berlin erwartet. (Quelle: Fabian Sommer)<\/p>\n<p class=\"font-bold text-18 leading-17\">Zehntausende fahren am Sonntag mit dem Rad quer durch Berlin \u2013 und fordern sichere Wege f\u00fcrs Fahrrad. Die Sternfahrt f\u00fchrt sogar Autobahnen in die Innenstadt.<\/p>\n<p class=\"text-18 leading-17\">Am Sonntag rollen auf Berlins Stra\u00dfen wieder Massen von Fahrr\u00e4dern \u2013 auf 20 Routen mit rund 2.000 Kilometern L\u00e4nge wollen Zehntausende Teilnehmende aus dem ganzen Umland zur zentralen Fahrradsternfahrt in die Hauptstadt str\u00f6men.<\/p>\n<p class=\"text-18 leading-17\">Was aussieht wie ein riesiger Fahrradausflug, ist auch politischer Protest: Der ADFC ruft zur Sternfahrt unter dem Motto &#8222;Alle aufs Rad!&#8220; auf \u2013 und fordert damit sicherere und bessere Radwege in <a class=\"transition-colors duration-200 cursor-pointer text-inherit no-underline text-salemsfur md:hover:text-magenta md:hover:border-magenta md:focus:text-magenta border-current border-b border-solid break-words\" href=\"https:\/\/www.t-online.de\/region\/berlin\/\" data-sctrack=\"BodyAnchor\" target=\"_blank\" rel=\"noopener\">Berlin<\/a>. Die Routen enden traditionell am Gro\u00dfen Stern, wo die Demonstration endet.<\/p>\n<p class=\"text-18 leading-17\">Einige Stra\u00dfen, darunter zwei Autobahnabschnitte, sind f\u00fcr den motorisierten Verkehr gesperrt \u2013 stattdessen haben am Sonntag die Fahrr\u00e4der Vorfahrt. Auch spontane Mitfahrerinnen und Mitfahrer k\u00f6nnen sich unterwegs anschlie\u00dfen, denn das Besondere an der Sternfahrt: Man muss nicht am Startpunkt dabei sein, sondern kann flexibel einsteigen.<\/p>\n<p class=\"text-18 leading-17\">Ein Wermutstropfen bleibt: Der Deutsche Wetterdienst warnt f\u00fcr Sonntag vor Schauern und teils kr\u00e4ftigen Gewittern in Berlin und Brandenburg. Wie wetterfest die politische Botschaft am Ende ankommt, d\u00fcrfte also auch vom Himmel abh\u00e4ngen.<\/p>\n","protected":false},"excerpt":{"rendered":"Fahrrad-Demo Zehntausende zu Sternfahrt quer durch Berlin erwartet 01.06.2025 &#8211; 07:44 UhrLesedauer: 1 Min. Teilnehmer der ADFC-Sternfahrt fahren&hellip;\n","protected":false},"author":2,"featured_media":155956,"comment_status":"","ping_status":"","sticky":false,"template":"","format":"standard","meta":{"footnotes":""},"categories":[1825],"tags":[7380,722,296,29,1234,30,33641],"class_list":{"0":"post-155955","1":"post","2":"type-post","3":"status-publish","4":"format-standard","5":"has-post-thumbnail","7":"category-berlin","8":"tag-adfc","9":"tag-722","10":"tag-berlin","11":"tag-deutschland","12":"tag-fahrrad","13":"tag-germany","14":"tag-sternfahrt"},"share_on_mastodon":{"url":"https:\/\/pubeurope.com\/@de\/114606570501505776","error":""},"_links":{"self":[{"href":"https:\/\/www.europesays.com\/de\/wp-json\/wp\/v2\/posts\/155955","targetHints":{"allow":["GET"]}}],"collection":[{"href":"https:\/\/www.europesays.com\/de\/wp-json\/wp\/v2\/posts"}],"about":[{"href":"https:\/\/www.europesays.com\/de\/wp-json\/wp\/v2\/types\/post"}],"author":[{"embeddable":true,"href":"https:\/\/www.europesays.com\/de\/wp-json\/wp\/v2\/users\/2"}],"replies":[{"embeddable":true,"href":"https:\/\/www.europesays.com\/de\/wp-json\/wp\/v2\/comments?post=155955"}],"version-history":[{"count":0,"href":"https:\/\/www.europesays.com\/de\/wp-json\/wp\/v2\/posts\/155955\/revisions"}],"wp:featuredmedia":[{"embeddable":true,"href":"https:\/\/www.europesays.com\/de\/wp-json\/wp\/v2\/media\/155956"}],"wp:attachment":[{"href":"https:\/\/www.europesays.com\/de\/wp-json\/wp\/v2\/media?parent=155955"}],"wp:term":[{"taxonomy":"category","embeddable":true,"href":"https:\/\/www.europesays.com\/de\/wp-json\/wp\/v2\/categories?post=155955"},{"taxonomy":"post_tag","embeddable":true,"href":"https:\/\/www.europesays.com\/de\/wp-json\/wp\/v2\/tags?post=155955"}],"curies":[{"name":"wp","href":"https:\/\/api.w.org\/{rel}","templated":true}]}}