{"id":155968,"date":"2025-06-01T06:05:08","date_gmt":"2025-06-01T06:05:08","guid":{"rendered":"https:\/\/www.europesays.com\/de\/155968\/"},"modified":"2025-06-01T06:05:08","modified_gmt":"2025-06-01T06:05:08","slug":"ana-de-armas-hollywoods-angesagtester-star-zu-gast-bei-bild-unterhaltung","status":"publish","type":"post","link":"https:\/\/www.europesays.com\/de\/155968\/","title":{"rendered":"Ana de Armas : Hollywoods angesagtester Star zu Gast bei BILD | Unterhaltung"},"content":{"rendered":"<p><b>Ana de Armas ist Hollywoods neue Action-K\u00f6nigin. Eine Frau, die die Leinwand in dem Moment erobert, in dem sie zum ersten Mal zu sehen ist. In Berlin stattete sie BILD einen Besuch ab!<\/b><\/p>\n<p>Was sie \u00fcber die Ger\u00fcchte mit Tom Cruise sagt, in welchen Hollywoodstar sie fr\u00fcher verknallt war und welche Power-Frauen ihre Vorbilder f\u00fcr den langen Weg nach Hollywood waren, erfahren Sie mit BILDplus.<\/p>\n","protected":false},"excerpt":{"rendered":"Ana de Armas ist Hollywoods neue Action-K\u00f6nigin. Eine Frau, die die Leinwand in dem Moment erobert, in dem&hellip;\n","protected":false},"author":2,"featured_media":155969,"comment_status":"","ping_status":"","sticky":false,"template":"","format":"standard","meta":{"footnotes":""},"categories":[155],"tags":[30295,29,214,30,1192,54883,95,54884,45,215],"class_list":{"0":"post-155968","1":"post","2":"type-post","3":"status-publish","4":"format-standard","5":"has-post-thumbnail","7":"category-unterhaltung","8":"tag-cruise-tom","9":"tag-deutschland","10":"tag-entertainment","11":"tag-germany","12":"tag-james-bond","13":"tag-james-bond-filme","14":"tag-kino","15":"tag-reeves-keanu","16":"tag-texttospeech","17":"tag-unterhaltung"},"share_on_mastodon":{"url":"https:\/\/pubeurope.com\/@de\/114606605812804310","error":""},"_links":{"self":[{"href":"https:\/\/www.europesays.com\/de\/wp-json\/wp\/v2\/posts\/155968","targetHints":{"allow":["GET"]}}],"collection":[{"href":"https:\/\/www.europesays.com\/de\/wp-json\/wp\/v2\/posts"}],"about":[{"href":"https:\/\/www.europesays.com\/de\/wp-json\/wp\/v2\/types\/post"}],"author":[{"embeddable":true,"href":"https:\/\/www.europesays.com\/de\/wp-json\/wp\/v2\/users\/2"}],"replies":[{"embeddable":true,"href":"https:\/\/www.europesays.com\/de\/wp-json\/wp\/v2\/comments?post=155968"}],"version-history":[{"count":0,"href":"https:\/\/www.europesays.com\/de\/wp-json\/wp\/v2\/posts\/155968\/revisions"}],"wp:featuredmedia":[{"embeddable":true,"href":"https:\/\/www.europesays.com\/de\/wp-json\/wp\/v2\/media\/155969"}],"wp:attachment":[{"href":"https:\/\/www.europesays.com\/de\/wp-json\/wp\/v2\/media?parent=155968"}],"wp:term":[{"taxonomy":"category","embeddable":true,"href":"https:\/\/www.europesays.com\/de\/wp-json\/wp\/v2\/categories?post=155968"},{"taxonomy":"post_tag","embeddable":true,"href":"https:\/\/www.europesays.com\/de\/wp-json\/wp\/v2\/tags?post=155968"}],"curies":[{"name":"wp","href":"https:\/\/api.w.org\/{rel}","templated":true}]}}