{"id":155970,"date":"2025-06-01T06:06:16","date_gmt":"2025-06-01T06:06:16","guid":{"rendered":"https:\/\/www.europesays.com\/de\/155970\/"},"modified":"2025-06-01T06:06:16","modified_gmt":"2025-06-01T06:06:16","slug":"samsung-galaxy-s25-edge-im-durability-test-was-soll-schon-schief-gehen","status":"publish","type":"post","link":"https:\/\/www.europesays.com\/de\/155970\/","title":{"rendered":"Samsung Galaxy S25 Edge im Durability-Test: Was soll schon schief gehen"},"content":{"rendered":"<p>D\u00fcnn bedeutet nicht zwangsl\u00e4ufig instabil<\/p>\n<p class=\"bodytext\">Kratz- und Burntest verlaufen den Erwartungen entsprechend positiv, wobei der Tester kritisch anmerkt, dass hier einerseits die anti-reflektive Displaybeschichtung des <a href=\"https:\/\/www.notebookcheck.com\/Test-Samsung-Galaxy-S25-Ultra-Das-AI-Phone-setzt-voll-auf-KI-und-kleine-Hardware-Upgrades.956487.0.html\" target=\"_self\" class=\"internal-link\" rel=\"nofollow noopener\">Galaxy S25 Ultra<\/a> fehlt und andererseits die Buttons Samsung-typisch etwas zu leicht entfernt werden k\u00f6nnen. Beim alles-entscheidenden Bend-Test kann sich Apple f\u00fcr das kommende <a href=\"https:\/\/www.notebookcheck.com\/Apple-iPhone-17-Air-Leaker-enthuellt-Specs-samt-24-MP-Selfie-Kamera-leichtem-Alu-Gehaeuse-und-MagSafe.1025833.0.html\" target=\"_self\" class=\"internal-link\" rel=\"nofollow noopener\">iPhone 17 Air<\/a> aber schonmal ein Beispiel an Samsung nehmen.&#13;<\/p>\n<p class=\"bodytext\">M\u00f6glicherweise dank der Titan-Bauweise h\u00e4lt das extrem d\u00fcnne Handy-Geh\u00e4use s\u00e4mtlichen Druckeinwirkungen des Youtubers stand, einzig die Widerstandsf\u00e4higkeit gegen das Eindringen von Wasser wird durch derartige Tests potentiell gef\u00e4hrdet, da sich die R\u00fcckseite an einer Stelle minimal vom Rahmen abhebt. Gegen Funktionsausf\u00e4lle oder gar Display- oder Rahmenbr\u00fcche scheint das Galaxy S25 Edge allerdings gewappnet zu sein, zumindest wenn man keine h\u00e4rteren Gesch\u00fctze auff\u00e4hrt. Gut gemacht, Samsung!<\/p>\n","protected":false},"excerpt":{"rendered":"D\u00fcnn bedeutet nicht zwangsl\u00e4ufig instabil Kratz- und Burntest verlaufen den Erwartungen entsprechend positiv, wobei der Tester kritisch anmerkt,&hellip;\n","protected":false},"author":2,"featured_media":155971,"comment_status":"","ping_status":"","sticky":false,"template":"","format":"standard","meta":{"footnotes":""},"categories":[135],"tags":[260,54888,54893,54889,54891,29,54892,54886,258,54885,30,261,259,54890,251,253,264,263,15,250,252,262,363,190,189,194,191,254,255,257,256,54887,193,192],"class_list":{"0":"post-155970","1":"post","2":"type-post","3":"status-publish","4":"format-standard","5":"has-post-thumbnail","7":"category-wissenschaft-technik","8":"tag-benchmarks","9":"tag-bend-test","10":"tag-bendgate","11":"tag-burn-test","12":"tag-buttons","13":"tag-deutschland","14":"tag-duennstes-smartphone","15":"tag-durability-test","16":"tag-forum","17":"tag-galaxy-s25-edge","18":"tag-germany","19":"tag-grafikkarten","20":"tag-informationen","21":"tag-kratz-test","22":"tag-laptop","23":"tag-laptops","24":"tag-netbook","25":"tag-netbooks","26":"tag-news","27":"tag-notebook","28":"tag-notebooks","29":"tag-prozessoren","30":"tag-samsung","31":"tag-science","32":"tag-science-technology","33":"tag-technik","34":"tag-technology","35":"tag-test","36":"tag-testbericht","37":"tag-testberichte","38":"tag-tests","39":"tag-widerstandsfaehigkeit","40":"tag-wissenschaft","41":"tag-wissenschaft-technik"},"share_on_mastodon":{"url":"https:\/\/pubeurope.com\/@de\/114606610076399582","error":""},"_links":{"self":[{"href":"https:\/\/www.europesays.com\/de\/wp-json\/wp\/v2\/posts\/155970","targetHints":{"allow":["GET"]}}],"collection":[{"href":"https:\/\/www.europesays.com\/de\/wp-json\/wp\/v2\/posts"}],"about":[{"href":"https:\/\/www.europesays.com\/de\/wp-json\/wp\/v2\/types\/post"}],"author":[{"embeddable":true,"href":"https:\/\/www.europesays.com\/de\/wp-json\/wp\/v2\/users\/2"}],"replies":[{"embeddable":true,"href":"https:\/\/www.europesays.com\/de\/wp-json\/wp\/v2\/comments?post=155970"}],"version-history":[{"count":0,"href":"https:\/\/www.europesays.com\/de\/wp-json\/wp\/v2\/posts\/155970\/revisions"}],"wp:featuredmedia":[{"embeddable":true,"href":"https:\/\/www.europesays.com\/de\/wp-json\/wp\/v2\/media\/155971"}],"wp:attachment":[{"href":"https:\/\/www.europesays.com\/de\/wp-json\/wp\/v2\/media?parent=155970"}],"wp:term":[{"taxonomy":"category","embeddable":true,"href":"https:\/\/www.europesays.com\/de\/wp-json\/wp\/v2\/categories?post=155970"},{"taxonomy":"post_tag","embeddable":true,"href":"https:\/\/www.europesays.com\/de\/wp-json\/wp\/v2\/tags?post=155970"}],"curies":[{"name":"wp","href":"https:\/\/api.w.org\/{rel}","templated":true}]}}