{"id":155981,"date":"2025-06-01T06:14:10","date_gmt":"2025-06-01T06:14:10","guid":{"rendered":"https:\/\/www.europesays.com\/de\/155981\/"},"modified":"2025-06-01T06:14:10","modified_gmt":"2025-06-01T06:14:10","slug":"darum-werden-trotz-kulturhauptstadt-nur-wenige-haltestellen-auch-auf-englisch-angesagt","status":"publish","type":"post","link":"https:\/\/www.europesays.com\/de\/155981\/","title":{"rendered":"Darum werden trotz Kulturhauptstadt nur wenige Haltestellen auch auf Englisch angesagt"},"content":{"rendered":"<p class=\"bold\">\n\t\t\t\t\t\t\t\t\t\tNext station Roter Turm: Ungeachtet zahlreicher Chemnitz-Besucher aus dem Ausland tut sich die CVAG schwer mit mehrsprachigen Ansagen unterwegs. Nun kommt Druck aus der Politik.\t\t\t\t<\/p>\n<p>\t\t\t\t Wer als Fremder in Chemnitz unterwegs ist, dem f\u00e4llt es oft nicht leicht, sich zu orientieren. Ob zu Fu\u00df, mit dem Auto oder mit den \u00f6ffentlichen Verkehrsmitteln: Der Weg zum Ziel kann eine knifflige Angelegenheit werden. Erst recht, wenn Chemnitz-Besucher der deutsche Sprache nicht m\u00e4chtig sind.<\/p>\n<p>\t\t<img decoding=\"async\" class=\"fp-plus-logo\" src=\"https:\/\/www.europesays.com\/de\/wp-content\/uploads\/2025\/04\/fpplus.svg.svg+xml\" alt=\"Freie Presse plus Logo\"\/><\/p>\n<p>Registrieren und testen.<\/p>\n<p>Jetzt mit Ihrer Registrierung 1 Monat gratis testen und alle Beitr\u00e4ge lesen.<\/p>\n<p>Schon Abonnent? Melden Sie sich mit ihren Zugangsdaten an.<\/p>\n","protected":false},"excerpt":{"rendered":"Next station Roter Turm: Ungeachtet zahlreicher Chemnitz-Besucher aus dem Ausland tut sich die CVAG schwer mit mehrsprachigen Ansagen&hellip;\n","protected":false},"author":2,"featured_media":155982,"comment_status":"","ping_status":"","sticky":false,"template":"","format":"standard","meta":{"footnotes":""},"categories":[1851],"tags":[2770,3364,29,548,663,3934,30,13,14,4186,15,859,12],"class_list":{"0":"post-155981","1":"post","2":"type-post","3":"status-publish","4":"format-standard","5":"has-post-thumbnail","7":"category-chemnitz","8":"tag-chemnitz","9":"tag-de","10":"tag-deutschland","11":"tag-eu","12":"tag-europa","13":"tag-europe","14":"tag-germany","15":"tag-headlines","16":"tag-nachrichten","17":"tag-nahverkehr","18":"tag-news","19":"tag-sachsen","20":"tag-schlagzeilen"},"share_on_mastodon":{"url":"https:\/\/pubeurope.com\/@de\/114606641346015550","error":""},"_links":{"self":[{"href":"https:\/\/www.europesays.com\/de\/wp-json\/wp\/v2\/posts\/155981","targetHints":{"allow":["GET"]}}],"collection":[{"href":"https:\/\/www.europesays.com\/de\/wp-json\/wp\/v2\/posts"}],"about":[{"href":"https:\/\/www.europesays.com\/de\/wp-json\/wp\/v2\/types\/post"}],"author":[{"embeddable":true,"href":"https:\/\/www.europesays.com\/de\/wp-json\/wp\/v2\/users\/2"}],"replies":[{"embeddable":true,"href":"https:\/\/www.europesays.com\/de\/wp-json\/wp\/v2\/comments?post=155981"}],"version-history":[{"count":0,"href":"https:\/\/www.europesays.com\/de\/wp-json\/wp\/v2\/posts\/155981\/revisions"}],"wp:featuredmedia":[{"embeddable":true,"href":"https:\/\/www.europesays.com\/de\/wp-json\/wp\/v2\/media\/155982"}],"wp:attachment":[{"href":"https:\/\/www.europesays.com\/de\/wp-json\/wp\/v2\/media?parent=155981"}],"wp:term":[{"taxonomy":"category","embeddable":true,"href":"https:\/\/www.europesays.com\/de\/wp-json\/wp\/v2\/categories?post=155981"},{"taxonomy":"post_tag","embeddable":true,"href":"https:\/\/www.europesays.com\/de\/wp-json\/wp\/v2\/tags?post=155981"}],"curies":[{"name":"wp","href":"https:\/\/api.w.org\/{rel}","templated":true}]}}