{"id":156026,"date":"2025-06-01T06:40:14","date_gmt":"2025-06-01T06:40:14","guid":{"rendered":"https:\/\/www.europesays.com\/de\/156026\/"},"modified":"2025-06-01T06:40:14","modified_gmt":"2025-06-01T06:40:14","slug":"mann-fluechtet-bei-grenzkontrolle-und-stirbt-nach-schusswechsel","status":"publish","type":"post","link":"https:\/\/www.europesays.com\/de\/156026\/","title":{"rendered":"Mann fl\u00fcchtet bei Grenzkontrolle und stirbt nach Schusswechsel"},"content":{"rendered":"<p class=\"is-first-paragraph\" data-external=\"Article.FirstParagraph\">Nach einer Kontrolle der Bundespolizei an der Grenze zu Tschechien ist ein fl\u00fcchtiger Autofahrer t\u00f6dlich verletzt worden. Die Beamten wollten im Rahmen der Binnengrenzkontrolle am Freitagnachmittag in Schirnding im Landkreis Wunsiedel den Wagen des Mannes anhalten, wie die Polizei in Oberfranken mitteilte. Der sei jedoch zu Fu\u00df davongerannt und habe dann auf die Polizisten geschossen.<\/p>\n<p>Die Beamten erwiderten den Angaben zufolge das Feuer und verletzten den Mann dabei t\u00f6dlich. Reanimationsma\u00dfnahmen konnten ihn nicht mehr retten. Die Polizisten selbst wurden den Angaben zufolge nicht verletzt.<\/p>\n<p>Warum der Mann kontrolliert werden sollte, war zun\u00e4chst nicht bekannt. Nach eigenen Angaben f\u00fchrt die Polizei im Grenzgebiet <a class=\"is-link c-block-items__link c-link--rich-text-renderer\" href=\"https:\/\/www.welt.de\/politik\/deutschland\/article256191852\/dobrindt-in-prag-deutschland-hat-eine-hohe-magnetwirkung-auf-die-illegale-migration-in-der-welt.html\" data-internal-tracking-enabled=\"true\" data-internal-tracking=\"{&quot;action&quot;:&quot;click&quot;,&quot;label&quot;:&quot;link&quot;,&quot;name&quot;:&quot;Inline Element&quot;,&quot;data&quot;:{&quot;source&quot;:&quot;&quot;,&quot;target&quot;:&quot;https:\/\/www.welt.de\/politik\/deutschland\/article256191852\/dobrindt-in-prag-deutschland-hat-eine-hohe-magnetwirkung-auf-die-illegale-migration-in-der-welt.html&quot;,&quot;trackingName&quot;:&quot;&quot;,&quot;trackingLabel&quot;:&quot;&quot;}}\" rel=\"nofollow noopener\" target=\"_blank\">stichprobenartige Kontrollen<\/a> durch. Zur Identit\u00e4t des Toten wollte sich die Polizei am Morgen nicht \u00e4u\u00dfern. Die Kriminalpolizei Hof hat demnach in Zusammenarbeit mit der Staatsanwaltschaft die Ermittlungen \u00fcbernommen.<\/p>\n","protected":false},"excerpt":{"rendered":"Nach einer Kontrolle der Bundespolizei an der Grenze zu Tschechien ist ein fl\u00fcchtiger Autofahrer t\u00f6dlich verletzt worden. Die&hellip;\n","protected":false},"author":2,"featured_media":156027,"comment_status":"","ping_status":"","sticky":false,"template":"","format":"standard","meta":{"footnotes":""},"categories":[5],"tags":[331,332,421,3364,29,30,54894,13,14,15,110,12],"class_list":{"0":"post-156026","1":"post","2":"type-post","3":"status-publish","4":"format-standard","5":"has-post-thumbnail","7":"category-nachrichten","8":"tag-aktuelle-nachrichten","9":"tag-aktuelle-news","10":"tag-bundespolizei","11":"tag-de","12":"tag-deutschland","13":"tag-germany","14":"tag-grenzkontrollen-ks","15":"tag-headlines","16":"tag-nachrichten","17":"tag-news","18":"tag-newsteam","19":"tag-schlagzeilen"},"share_on_mastodon":{"url":"https:\/\/pubeurope.com\/@de\/114606743543555747","error":""},"_links":{"self":[{"href":"https:\/\/www.europesays.com\/de\/wp-json\/wp\/v2\/posts\/156026","targetHints":{"allow":["GET"]}}],"collection":[{"href":"https:\/\/www.europesays.com\/de\/wp-json\/wp\/v2\/posts"}],"about":[{"href":"https:\/\/www.europesays.com\/de\/wp-json\/wp\/v2\/types\/post"}],"author":[{"embeddable":true,"href":"https:\/\/www.europesays.com\/de\/wp-json\/wp\/v2\/users\/2"}],"replies":[{"embeddable":true,"href":"https:\/\/www.europesays.com\/de\/wp-json\/wp\/v2\/comments?post=156026"}],"version-history":[{"count":0,"href":"https:\/\/www.europesays.com\/de\/wp-json\/wp\/v2\/posts\/156026\/revisions"}],"wp:featuredmedia":[{"embeddable":true,"href":"https:\/\/www.europesays.com\/de\/wp-json\/wp\/v2\/media\/156027"}],"wp:attachment":[{"href":"https:\/\/www.europesays.com\/de\/wp-json\/wp\/v2\/media?parent=156026"}],"wp:term":[{"taxonomy":"category","embeddable":true,"href":"https:\/\/www.europesays.com\/de\/wp-json\/wp\/v2\/categories?post=156026"},{"taxonomy":"post_tag","embeddable":true,"href":"https:\/\/www.europesays.com\/de\/wp-json\/wp\/v2\/tags?post=156026"}],"curies":[{"name":"wp","href":"https:\/\/api.w.org\/{rel}","templated":true}]}}