{"id":156051,"date":"2025-06-01T06:55:11","date_gmt":"2025-06-01T06:55:11","guid":{"rendered":"https:\/\/www.europesays.com\/de\/156051\/"},"modified":"2025-06-01T06:55:11","modified_gmt":"2025-06-01T06:55:11","slug":"unwetter-in-nrw-stromausfaelle-feuer-in-essen-konzert-abbruch","status":"publish","type":"post","link":"https:\/\/www.europesays.com\/de\/156051\/","title":{"rendered":"Unwetter in NRW: Stromausf\u00e4lle ++ Feuer in Essen ++ Konzert-Abbruch"},"content":{"rendered":"<p>Ein schweres Unwetter in NRW mit Starkregen, Gewittern und Blitzeinschl\u00e4gen sorgte am Samstag und in der Nacht zum Sonntag vielerorts f\u00fcr Chaos. \u00dcberflutete Keller, umgest\u00fcrzte B\u00e4ume, Stromausf\u00e4lle und ein Dachstuhlbrand hielten die Rettungskr\u00e4fte auf Trab. Auch Open-Air-Konzerte und der Bahnverkehr waren betroffen. Von Verletzten ist bisher nichts bekannt.<\/p>\n<p>In der Nacht zu Sonntag (1. Juni ) brannte w\u00e4hrend des <a href=\"https:\/\/www.derwesten.de\/themen\/wetter\" rel=\"nofollow noopener\" target=\"_blank\">Unwetters<\/a> in NRW der Dachstuhl eines Einfamilienhauses in <a href=\"https:\/\/www.derwesten.de\/staedte\/essen\" rel=\"nofollow noopener\" target=\"_blank\">Essen<\/a>. Kurz nach Mitternacht r\u00fcckte die Feuerwehr zur Grashofstra\u00dfe im Stadtteil Bredeney aus, nachdem dichter Rauch und Flammen aus dem Dach des Geb\u00e4udes gemeldet wurden. Die Bewohner verlie\u00dfen das Haus rechtzeitig und blieben unverletzt. Die Einsatzkr\u00e4fte \u00f6ffneten das Dach vollst\u00e4ndig, um alle Glutnester zu l\u00f6schen. Erste Hinweise deuten darauf hin, dass ein Blitzeinschlag den Brand ausgel\u00f6st hat. Trotz des schnellen L\u00f6scheinsatzes besch\u00e4digte das Feuer das Geb\u00e4ude so stark, dass es aktuell unbewohnbar ist.<\/p>\n<p>Unwetter in NRW: Krefeld und Erftstadt massiv betroffen<\/p>\n<p>Das heftige Unwetter in NRW  hat zum Beispiel in Krefeld massive Probleme verursacht. \u201eWir haben Land unter\u201c, erkl\u00e4rte eine Sprecherin der Polizei nach einem schweren Gewitter am Samstagabend. Zahlreiche Notrufe wegen \u00fcberfluteter Keller, Stra\u00dfen und umgest\u00fcrzter B\u00e4ume besch\u00e4ftigten die Rettungskr\u00e4fte. Blitzeinschl\u00e4ge in H\u00e4user versetzten die Bewohner in Angst.<\/p>\n<p><img loading=\"lazy\" decoding=\"async\" width=\"1200\" height=\"800\" src=\"https:\/\/www.europesays.com\/de\/wp-content\/uploads\/2025\/06\/unwetter-essen-blitzeinschlag.jpg\" alt=\"\" class=\"wp-image-301608303\"  \/>Unwetter in NRW: In Essen geriet w\u00e4hrend des Unwetter der Dachstuhl eines Hauses in Brand \u2013 wahrscheinlich durch einen Blitzeinschlag. Foto: Justin Brosch<\/p>\n<p>Im S\u00fcden von <a href=\"https:\/\/www.derwesten.de\/staedte\/duisburg\" rel=\"nofollow noopener\" target=\"_blank\">Duisburg<\/a>, besonders in den Stadtteilen Gro\u00dfenbaum, Ungelsheim und Rahm, sorgte ein pl\u00f6tzliches Gewitter mit starkem Regen zwischen 22.40 Uhr und 23.20 Uhr f\u00fcr Chaos. Gro\u00dfe \u00c4ste st\u00fcrzten auf Stra\u00dfen und Gehwege, einige B\u00e4ume kippten um, und in mehreren H\u00e4usern drang Wasser in die Keller ein. Insgesamt r\u00fcckten 50 Kr\u00e4fte der Berufsfeuerwehr und Freiwilligen Feuerwehr aus, um die Unwetter-Sch\u00e4den zu beseitigen.<\/p>\n<p>Hunderte ohne Strom \u2013 Festival abgebrochen<\/p>\n<p>Auch im S\u00fcden von NRW f\u00fchrte das Unwetter mit starken Regenf\u00e4lle zu vielen \u00fcberfluteten Stra\u00dfen und vollgelaufenen Kellern. In Erftstadt stand das Wasser laut Polizei teilweise bis zu einem halben Meter hoch. Der Ortsteil Herrig, der etwa 500 Einwohner hat, war zeitweise ohne Strom. Nach einiger Zeit l\u00f6sten die Verantwortlichen das Problem aber, sodass die Stromversorgung wieder funktionierte.<\/p>\n<p>\t\t\t\t\t\tInhalt von Facebook anzeigen\t\t\t\t\t\t\t\t\t\t\t\t\t\t\t<\/p>\n<p class=\"fd-embed-privacy-content-line1\">An dieser Stelle befindet sich ein externer Inhalt von Facebook der von unserer Redaktion empfohlen wird. Er erg\u00e4nzt den Artikel und kann mit einem Klick angezeigt und wieder ausgeblendet werden.<\/p>\n<p class=\"fd-embed-privacy-content-line2\">Ich bin damit einverstanden, dass mir dieser externe Inhalt angezeigt wird. Es k\u00f6nnen dabei personenbezogene Daten an den Anbieter des Inhalts und Drittdienste \u00fcbermittelt werden.<\/p>\n<p>Das Unwetter in NRW hatte auch Auswirkungen auf Events. In H\u00fcckelhoven zum Beispiel war das Open-Air-Festival \u201eJeck en de City\u201c nach sechs Stunden nicht mehr fortsetzbar. \u201eLeider m\u00fcssen wir Jeck en de City f\u00fcr den Rest des Abends abbrechen\u201c, gaben die Veranstalter auf Instagram bekannt. Sie baten die Besucher, das Gel\u00e4nde ruhig zu verlassen. Auftritte von Bands wie Milj\u00f6, H\u00f6hner und Kasalla mussten abgesagt werden. Nur die Bl\u00e4ck F\u00f6\u00f6ss und die Domst\u00fcrmer schafften es, vorher aufzutreten.<\/p>\n<p>Die starken Regenf\u00e4lle f\u00fchrten au\u00dferdem zu Problemen im Bahnverkehr. Auf der Strecke der Regionalbahn RB25 kam es durch das Unwettern in NRW zwischen Engelskirchen und R\u00fcnderoth zu einem Hangrutsch. Die Z\u00fcge fahren in diesem Abschnitt aktuell langsamer, was Versp\u00e4tungen, Teilausf\u00e4lle und sogar komplette Zugausf\u00e4lle auf der gesamten Strecke zur Folge hat. Wie lange diese Einschr\u00e4nkungen dauern, ist unklar.<\/p>\n<p>Mehr News:<\/p>\n<p>Nach einer kurzen Wetterberuhigung soll es am Sonntagnachmittag und -abend an der NRW-Grenze zu Hessen wieder ungem\u00fctlich werden. Die Meteorologen rechnen lokal mit starken Gewittern. M\u00f6gliche Regenmengen von bis zu 25 Litern pro Quadratmeter, Hagel und st\u00fcrmische B\u00f6en mit bis zu 70 km\/h k\u00f6nnten f\u00fcr neue Herausforderungen sorgen.<\/p>\n","protected":false},"excerpt":{"rendered":"Ein schweres Unwetter in NRW mit Starkregen, Gewittern und Blitzeinschl\u00e4gen sorgte am Samstag und in der Nacht zum&hellip;\n","protected":false},"author":2,"featured_media":156052,"comment_status":"","ping_status":"","sticky":false,"template":"","format":"standard","meta":{"footnotes":""},"categories":[1834],"tags":[3364,29,3688,30,1209,1973],"class_list":{"0":"post-156051","1":"post","2":"type-post","3":"status-publish","4":"format-standard","5":"has-post-thumbnail","7":"category-essen","8":"tag-de","9":"tag-deutschland","10":"tag-essen","11":"tag-germany","12":"tag-nordrhein-westfalen","13":"tag-wetter"},"share_on_mastodon":{"url":"https:\/\/pubeurope.com\/@de\/114606802543625883","error":""},"_links":{"self":[{"href":"https:\/\/www.europesays.com\/de\/wp-json\/wp\/v2\/posts\/156051","targetHints":{"allow":["GET"]}}],"collection":[{"href":"https:\/\/www.europesays.com\/de\/wp-json\/wp\/v2\/posts"}],"about":[{"href":"https:\/\/www.europesays.com\/de\/wp-json\/wp\/v2\/types\/post"}],"author":[{"embeddable":true,"href":"https:\/\/www.europesays.com\/de\/wp-json\/wp\/v2\/users\/2"}],"replies":[{"embeddable":true,"href":"https:\/\/www.europesays.com\/de\/wp-json\/wp\/v2\/comments?post=156051"}],"version-history":[{"count":0,"href":"https:\/\/www.europesays.com\/de\/wp-json\/wp\/v2\/posts\/156051\/revisions"}],"wp:featuredmedia":[{"embeddable":true,"href":"https:\/\/www.europesays.com\/de\/wp-json\/wp\/v2\/media\/156052"}],"wp:attachment":[{"href":"https:\/\/www.europesays.com\/de\/wp-json\/wp\/v2\/media?parent=156051"}],"wp:term":[{"taxonomy":"category","embeddable":true,"href":"https:\/\/www.europesays.com\/de\/wp-json\/wp\/v2\/categories?post=156051"},{"taxonomy":"post_tag","embeddable":true,"href":"https:\/\/www.europesays.com\/de\/wp-json\/wp\/v2\/tags?post=156051"}],"curies":[{"name":"wp","href":"https:\/\/api.w.org\/{rel}","templated":true}]}}