{"id":156060,"date":"2025-06-01T07:00:22","date_gmt":"2025-06-01T07:00:22","guid":{"rendered":"https:\/\/www.europesays.com\/de\/156060\/"},"modified":"2025-06-01T07:00:22","modified_gmt":"2025-06-01T07:00:22","slug":"kraftklub-duesseldorf-2026-konzert-tickets-termin-location","status":"publish","type":"post","link":"https:\/\/www.europesays.com\/de\/156060\/","title":{"rendered":"Kraftklub D\u00fcsseldorf 2026: Konzert, Tickets, Termin, Location"},"content":{"rendered":"<p class=\"text_ohne_einzug richtext text-em-55 !leading-serif mx-6 desktop:mx-0\"> Ein Schild mit der Aufschrift \u201eKraftklub: Sterben in Karl-Marx-Stadt\u201c mit einem Countdown bis Mittwochabend sorgte in <a href=\"https:\/\/rp-online.de\/thema\/chemnitz\/\" target=\"_blank\" rel=\"noopener\">Chemnitz<\/a> seit ein paar Tagen f\u00fcr Verwunderung. Als der Countdown abgelaufen war, gab die Band <a href=\"https:\/\/rp-online.de\/thema\/kraftklub\/\" target=\"_blank\" rel=\"noopener\">Kraftklub<\/a> in ihrer Heimatstadt ein spontanes Konzert, k\u00fcndigte eine neue Platte an und auch gleich die dazu passende Tour im kommenden Jahr. Zun\u00e4chst sollten lediglich zwei der mehr als 20 Auftritte in NRW \u00fcber die B\u00fchne gehen, einer in M\u00fcnster, der andere in <a href=\"https:\/\/rp-online.de\/thema\/duesseldorf\/\" target=\"_blank\" rel=\"noopener\">D\u00fcsseldorf<\/a>. Kostenpflichtiger Inhalt <a href=\"https:\/\/rp-online.de\/nrw\/staedte\/moenchengladbach\/moenchengladbach-kraftklub-konzert-2026-angekuendigt-zusatzshow-termin-tickets_aid-128445187\" target=\"_blank\" rel=\"noopener\">Jetzt wurde ein Zusatzkonzert in M\u00f6nchengladbach angek\u00fcndigt<\/a>.<\/p>\n<p class=\"richtext text-em-55 !leading-serif mx-6 desktop:mx-0\">Doch schien hier das letzte Wort noch nicht gesprochen zu sein. Am Vormittag wurde der Innenraum im Dome freigeschaltet, dort waren kurzzeitig Karten verf\u00fcgbar, dann war auch der Bereich ausverkauft. Nicht selten tauchen bei Vorverk\u00e4ufen sp\u00e4ter wieder neue Ticketkontingente auf oder bei sehr gro\u00dfer Nachfrage werden Zusatzkonzerte angesetzt. So gab es vor wenigen Tagen pl\u00f6tzlich auch wieder Karten f\u00fcr das eigentlich ausverkauft geglaubte Konzert von <a href=\"https:\/\/rp-online.de\/thema\/linkin-park\/\" target=\"_blank\" rel=\"noopener\">Linkin Park<\/a> in D\u00fcsseldorf.<\/p>\n<p class=\"richtext text-em-55 !leading-serif mx-6 desktop:mx-0\">Die Tour beginnt am 3. M\u00e4rz 2026 in Schwerin und f\u00fchrt die Band durch Deutschland, \u00d6sterreich, <a href=\"https:\/\/rp-online.de\/thema\/luxemburg\/\" target=\"_blank\" rel=\"noopener\">Luxemburg<\/a> und die Schweiz. Auf dem Plan stehen Konzerte unter anderem in M\u00fcnchen, Graz, <a href=\"https:\/\/rp-online.de\/thema\/wien\/\" target=\"_blank\" rel=\"noopener\">Wien<\/a>, <a href=\"https:\/\/rp-online.de\/thema\/berlin\/\" target=\"_blank\" rel=\"noopener\">Berlin<\/a>, Esch-Belval Esch-sur-Alzette, <a href=\"https:\/\/rp-online.de\/thema\/erfurt\/\" target=\"_blank\" rel=\"noopener\">Erfurt<\/a>, Stuttgart, <a href=\"https:\/\/rp-online.de\/thema\/bremen\/\" target=\"_blank\" rel=\"noopener\">Bremen<\/a> und Frankfurt. Die Tour endet dann am 29. August mit dem Auftritt auf der Trabrennbahn Bahrenfeld in <a href=\"https:\/\/rp-online.de\/thema\/hamburg\/\" target=\"_blank\" rel=\"noopener\">Hamburg<\/a>.<\/p>\n<p class=\"richtext text-em-55 !leading-serif mx-6 desktop:mx-0\">Kraftklub ist als sehr politische Band bekannt, die sich klar gegen Rechts engagiert. So etwa als es im Sp\u00e4tsommer 2018 in Chemnitz Ausschreitungen von Rechtsextremen gab. Ihr letztes Album \u201eKargo\u201c wurde 2022 ver\u00f6ffentlicht.<\/p>\n","protected":false},"excerpt":{"rendered":"Ein Schild mit der Aufschrift \u201eKraftklub: Sterben in Karl-Marx-Stadt\u201c mit einem Countdown bis Mittwochabend sorgte in Chemnitz seit&hellip;\n","protected":false},"author":2,"featured_media":156061,"comment_status":"","ping_status":"","sticky":false,"template":"","format":"standard","meta":{"footnotes":""},"categories":[1831],"tags":[6363,52353,54897,3364,29,3405,30,54895,53813,1209,54898,21142,2884,29316,54896],"class_list":{"0":"post-156060","1":"post","2":"type-post","3":"status-publish","4":"format-standard","5":"has-post-thumbnail","7":"category-duesseldorf","8":"tag-album","9":"tag-auftritte","10":"tag-chemnitzer","11":"tag-de","12":"tag-deutschland","13":"tag-duesseldorf","14":"tag-germany","15":"tag-kraftclub","16":"tag-marx","17":"tag-nordrhein-westfalen","18":"tag-parat","19":"tag-sterben","20":"tag-tour","21":"tag-ueberraschungen","22":"tag-zugehoerige"},"share_on_mastodon":{"url":"https:\/\/pubeurope.com\/@de\/114606822252956572","error":""},"_links":{"self":[{"href":"https:\/\/www.europesays.com\/de\/wp-json\/wp\/v2\/posts\/156060","targetHints":{"allow":["GET"]}}],"collection":[{"href":"https:\/\/www.europesays.com\/de\/wp-json\/wp\/v2\/posts"}],"about":[{"href":"https:\/\/www.europesays.com\/de\/wp-json\/wp\/v2\/types\/post"}],"author":[{"embeddable":true,"href":"https:\/\/www.europesays.com\/de\/wp-json\/wp\/v2\/users\/2"}],"replies":[{"embeddable":true,"href":"https:\/\/www.europesays.com\/de\/wp-json\/wp\/v2\/comments?post=156060"}],"version-history":[{"count":0,"href":"https:\/\/www.europesays.com\/de\/wp-json\/wp\/v2\/posts\/156060\/revisions"}],"wp:featuredmedia":[{"embeddable":true,"href":"https:\/\/www.europesays.com\/de\/wp-json\/wp\/v2\/media\/156061"}],"wp:attachment":[{"href":"https:\/\/www.europesays.com\/de\/wp-json\/wp\/v2\/media?parent=156060"}],"wp:term":[{"taxonomy":"category","embeddable":true,"href":"https:\/\/www.europesays.com\/de\/wp-json\/wp\/v2\/categories?post=156060"},{"taxonomy":"post_tag","embeddable":true,"href":"https:\/\/www.europesays.com\/de\/wp-json\/wp\/v2\/tags?post=156060"}],"curies":[{"name":"wp","href":"https:\/\/api.w.org\/{rel}","templated":true}]}}