{"id":156075,"date":"2025-06-01T07:09:10","date_gmt":"2025-06-01T07:09:10","guid":{"rendered":"https:\/\/www.europesays.com\/de\/156075\/"},"modified":"2025-06-01T07:09:10","modified_gmt":"2025-06-01T07:09:10","slug":"muenchen-37-jaehriger-greift-zwei-personen-in-ramersdorf-mit-messer-an-muenchen","status":"publish","type":"post","link":"https:\/\/www.europesays.com\/de\/156075\/","title":{"rendered":"M\u00fcnchen: 37-J\u00e4hriger greift zwei Personen in Ramersdorf mit Messer an &#8211; M\u00fcnchen"},"content":{"rendered":"<p data-manual=\"paragraph\" data-schema-org-speakable=\"true\" class=\"css-1ylqqlw\">Am fr\u00fchen Sonntagmorgen hat in <a href=\"https:\/\/www.sueddeutsche.de\/thema\/Ramersdorf\" target=\"_blank\" rel=\"noopener\">Ramersdorf<\/a> ein Mann zwei Personen mit einem Messer angegriffen und schwerer verletzt, wie die Polizei berichtet. Gegen 1.10 Uhr wurden die Beamten alarmiert, weil es in der Adam-Berg-Stra\u00dfe zu einer Auseinandersetzung gekommen war.<\/p>\n<p data-manual=\"paragraph\" data-schema-org-speakable=\"true\" class=\"css-1ylqqlw\">Ein 37-j\u00e4hriger Mann hatte dabei eine 34-j\u00e4hrige Frau und einen 36-j\u00e4hrigen Mann mit einem Messer attackiert und laut Polizeiangaben jeweils am Oberk\u00f6rper verletzt. Der 37-J\u00e4hrige wurde festgenommen, das Kommissariat 11, das f\u00fcr T\u00f6tungsdelikte zust\u00e4ndig ist, \u00fcbernahm die Ermittlungen.<\/p>\n<p data-manual=\"paragraph\" data-schema-org-speakable=\"true\" class=\"css-1ylqqlw\">Die beiden Verletzten wurden in ein Krankenhaus gebracht und mussten operiert werden.<\/p>\n","protected":false},"excerpt":{"rendered":"Am fr\u00fchen Sonntagmorgen hat in Ramersdorf ein Mann zwei Personen mit einem Messer angegriffen und schwerer verletzt, wie&hellip;\n","protected":false},"author":2,"featured_media":156076,"comment_status":"","ping_status":"","sticky":false,"template":"","format":"standard","meta":{"footnotes":""},"categories":[1827],"tags":[772,29,30,1268,2813,3093,10023,42205,149],"class_list":{"0":"post-156075","1":"post","2":"type-post","3":"status-publish","4":"format-standard","5":"has-post-thumbnail","7":"category-muenchen","8":"tag-bayern","9":"tag-deutschland","10":"tag-germany","11":"tag-muenchen","12":"tag-muenchen-stadtteile","13":"tag-polizei-und-feuerwehr-in-muenchen","14":"tag-ramersdorf","15":"tag-ramersdorf-perlach","16":"tag-sueddeutsche-zeitung"},"share_on_mastodon":{"url":"https:\/\/pubeurope.com\/@de\/114606857552820860","error":""},"_links":{"self":[{"href":"https:\/\/www.europesays.com\/de\/wp-json\/wp\/v2\/posts\/156075","targetHints":{"allow":["GET"]}}],"collection":[{"href":"https:\/\/www.europesays.com\/de\/wp-json\/wp\/v2\/posts"}],"about":[{"href":"https:\/\/www.europesays.com\/de\/wp-json\/wp\/v2\/types\/post"}],"author":[{"embeddable":true,"href":"https:\/\/www.europesays.com\/de\/wp-json\/wp\/v2\/users\/2"}],"replies":[{"embeddable":true,"href":"https:\/\/www.europesays.com\/de\/wp-json\/wp\/v2\/comments?post=156075"}],"version-history":[{"count":0,"href":"https:\/\/www.europesays.com\/de\/wp-json\/wp\/v2\/posts\/156075\/revisions"}],"wp:featuredmedia":[{"embeddable":true,"href":"https:\/\/www.europesays.com\/de\/wp-json\/wp\/v2\/media\/156076"}],"wp:attachment":[{"href":"https:\/\/www.europesays.com\/de\/wp-json\/wp\/v2\/media?parent=156075"}],"wp:term":[{"taxonomy":"category","embeddable":true,"href":"https:\/\/www.europesays.com\/de\/wp-json\/wp\/v2\/categories?post=156075"},{"taxonomy":"post_tag","embeddable":true,"href":"https:\/\/www.europesays.com\/de\/wp-json\/wp\/v2\/tags?post=156075"}],"curies":[{"name":"wp","href":"https:\/\/api.w.org\/{rel}","templated":true}]}}