{"id":156082,"date":"2025-06-01T07:13:14","date_gmt":"2025-06-01T07:13:14","guid":{"rendered":"https:\/\/www.europesays.com\/de\/156082\/"},"modified":"2025-06-01T07:13:14","modified_gmt":"2025-06-01T07:13:14","slug":"ex-hertha-star-wird-trainer-bei-ajax-amsterdam","status":"publish","type":"post","link":"https:\/\/www.europesays.com\/de\/156082\/","title":{"rendered":"Ex-Hertha-Star wird Trainer bei Ajax Amsterdam"},"content":{"rendered":"<ol class=\"id-DonaldBreadcrumb lp_west_breadcrumb id-DonaldBreadcrumb--default\" data-k5a-pos=\"west_breadcrumb\">\n<li class=\"id-Breadcrumb-item\"><a href=\"https:\/\/www.fr.de\/\" class=\"id-Breadcrumb-link\" data-id-ec=\"{\" shn=\"\" textlink=\"\" data-k5a-pos=\"1_startseite\" rel=\"nofollow noopener\" target=\"_blank\">Startseite<\/a><\/li>\n<li class=\"id-Breadcrumb-item\"><a href=\"https:\/\/www.fr.de\/sport\/\" class=\"id-Breadcrumb-link\" data-id-ec=\"{\" shn=\"\" textlink=\"\" data-k5a-pos=\"2_sport\" rel=\"nofollow noopener\" target=\"_blank\">Sport<\/a><\/li>\n<li class=\"id-Breadcrumb-item\"><a href=\"https:\/\/www.fr.de\/sport\/fussball\/\" class=\"id-Breadcrumb-link\" data-id-ec=\"{\" shn=\"\" textlink=\"\" data-k5a-pos=\"3_fussball\" rel=\"nofollow noopener\" target=\"_blank\">Fu\u00dfball<\/a><\/li>\n<\/ol>\n<p class=\"id-Story-timestamp id-Story-timestamp--default\">Stand: 01.06.2025, 04:40 Uhr<\/p>\n<p class=\"id-Story-interactionBar id-Story-interactionBar--default\"><a href=\"#id-Comments\" class=\"id-Story-interactionBar-link--commentAction lp_west_commentAction id-Story-interactionBar-link--commentAction--default\" data-id-ec=\"{\" shn=\"\" comment-action=\"\" data-k5a-pos=\"west_commentAction\">Kommentare<\/a>DruckenTeilen<\/p>\n<p><img decoding=\"async\" class=\"id-RatioPlaceholder-element wv_story_el_image\" src=\"https:\/\/www.europesays.com\/de\/wp-content\/uploads\/2025\/06\/38427813-ein-ex-spieler-von-hertha-bsc-uebernimmt-den-trainer-posten-bei-ajax-amsterdam-2olIzKF1IEfe.jpeg\" loading=\"eager\" fetchpriority=\"high\"   height=\"619\" width=\"1100\" alt=\"Ein Ex-Spieler von Hertha BSC &#xFC;bernimmt den Trainer-Posten bei Ajax Amsterdam.\"\/>Ein Ex-Spieler von Hertha BSC \u00fcbernimmt den Trainer-Posten bei Ajax Amsterdam. \u00a9\u00a0Imago Images\/Revierfoto<\/p>\n<p class=\"id-StoryElement-leadText\">Ajax Amsterdam hat nach dem Meisterschafts-Drama ein neues Trainer-Duo vorgestellt. Einer der beiden lief unter anderem f\u00fcr Hertha BSC auf.<\/p>\n<p>Mehr zum Thema<a class=\"id-StoryElement-relatedStories-element-link\" data-id-ec=\"{\" shn=\"\" teaserlink=\"\" data-k5a-pos=\"west_story_7_relatedStories_1_human\" href=\"https:\/\/www.homeofsports.de\/fussball\/international\/nach-meisterschafts-drama-trainer-duo-uebernimmt-bei-ajax-amsterdam-93762621.html\" title=\"Vertrag bis 2027 - undefined\" rel=\"nofollow noopener\" target=\"_blank\"><img decoding=\"async\" class=\"id-RatioPlaceholder-element wv_story_el_relatedStoryImage\" src=\"https:\/\/www.europesays.com\/de\/wp-content\/uploads\/2025\/06\/38427796-marcel-keizer-und-john-heitinga-uebernehmen-bei-ajax-amsterdam-2hUjrIJT7ATJ.jpg\" loading=\"lazy\"   height=\"2364\" width=\"3543\" alt=\"Marcel Keizer und John Heitinga &#xFC;bernehmen bei Ajax Amsterdam.\"\/>Nach Meisterschafts-Drama: Trainer-Duo \u00fcbernimmt bei Ajax Amsterdam<\/a><\/p>\n<p class=\"id-StoryElement-paragraph\">Nach den vergangenen dramatischen Wochen hat Ajax Amsterdam nun zumindest auf der Trainerbank f\u00fcr Klarheit gesorgt. Ein Duo soll den Wiederaufbau des niederl\u00e4ndischen Rekordmeisters vorantreiben. Einer der beiden Neuen lief sogar ein Jahr f\u00fcr Hertha BSC auf. <a href=\"https:\/\/www.homeofsports.de\/fussball\/international\/nach-meisterschafts-drama-trainer-duo-uebernimmt-bei-ajax-amsterdam-93762621.html\" class=\"id-import-Link id-pageApi-Link--externalDomain\" data-id-ec=\"{&quot;sht&quot;:&quot;Container&quot;,&quot;shn&quot;:&quot;Story&quot;,&quot;p&quot;:{&quot;containerType&quot;:&quot;Paragraph&quot;,&quot;displayType&quot;:&quot;Paragraph InlineLink&quot;,&quot;type&quot;:&quot;INLINE_LINK&quot;,&quot;value&quot;:&quot;Um wen es sich handelt, erfahren Sie bei den Kollegen von Home of Sports&quot;,&quot;variant&quot;:&quot;standardLink&quot;,&quot;sponsored&quot;:false,&quot;linkHref&quot;:&quot;https:\/\/www.homeofsports.de\/fussball\/international\/nach-meisterschafts-drama-trainer-duo-uebernimmt-bei-ajax-amsterdam-93762621.html&quot;,&quot;storyElementPosition&quot;:10,&quot;storyElementCount&quot;:10}}\" rel=\"nofollow noopener\" target=\"_blank\">Um wen es sich handelt, erfahren Sie bei den Kollegen von Home of Sports<\/a>.<\/p>\n<p>Auch interessantKommentareTeilen<\/p>\n","protected":false},"excerpt":{"rendered":"Startseite Sport Fu\u00dfball Stand: 01.06.2025, 04:40 Uhr KommentareDruckenTeilen Ein Ex-Spieler von Hertha BSC \u00fcbernimmt den Trainer-Posten bei Ajax&hellip;\n","protected":false},"author":2,"featured_media":156083,"comment_status":"","ping_status":"","sticky":false,"template":"","format":"standard","meta":{"footnotes":""},"categories":[1825],"tags":[1941,1939,296,1937,29,30,1940,1938],"class_list":{"0":"post-156082","1":"post","2":"type-post","3":"status-publish","4":"format-standard","5":"has-post-thumbnail","7":"category-berlin","8":"tag-aktuelle-nachrichten-aus-berlin","9":"tag-aktuelle-news-aus-berlin","10":"tag-berlin","11":"tag-berlin-news","12":"tag-deutschland","13":"tag-germany","14":"tag-nachrichten-aus-berlin","15":"tag-news-aus-berlin"},"share_on_mastodon":{"url":"https:\/\/pubeurope.com\/@de\/114606873530097054","error":""},"_links":{"self":[{"href":"https:\/\/www.europesays.com\/de\/wp-json\/wp\/v2\/posts\/156082","targetHints":{"allow":["GET"]}}],"collection":[{"href":"https:\/\/www.europesays.com\/de\/wp-json\/wp\/v2\/posts"}],"about":[{"href":"https:\/\/www.europesays.com\/de\/wp-json\/wp\/v2\/types\/post"}],"author":[{"embeddable":true,"href":"https:\/\/www.europesays.com\/de\/wp-json\/wp\/v2\/users\/2"}],"replies":[{"embeddable":true,"href":"https:\/\/www.europesays.com\/de\/wp-json\/wp\/v2\/comments?post=156082"}],"version-history":[{"count":0,"href":"https:\/\/www.europesays.com\/de\/wp-json\/wp\/v2\/posts\/156082\/revisions"}],"wp:featuredmedia":[{"embeddable":true,"href":"https:\/\/www.europesays.com\/de\/wp-json\/wp\/v2\/media\/156083"}],"wp:attachment":[{"href":"https:\/\/www.europesays.com\/de\/wp-json\/wp\/v2\/media?parent=156082"}],"wp:term":[{"taxonomy":"category","embeddable":true,"href":"https:\/\/www.europesays.com\/de\/wp-json\/wp\/v2\/categories?post=156082"},{"taxonomy":"post_tag","embeddable":true,"href":"https:\/\/www.europesays.com\/de\/wp-json\/wp\/v2\/tags?post=156082"}],"curies":[{"name":"wp","href":"https:\/\/api.w.org\/{rel}","templated":true}]}}