{"id":156093,"date":"2025-06-01T07:19:11","date_gmt":"2025-06-01T07:19:11","guid":{"rendered":"https:\/\/www.europesays.com\/de\/156093\/"},"modified":"2025-06-01T07:19:11","modified_gmt":"2025-06-01T07:19:11","slug":"wildtiere-in-gefahr-problematische-trends-in-der-fotografie","status":"publish","type":"post","link":"https:\/\/www.europesays.com\/de\/156093\/","title":{"rendered":"Wildtiere in Gefahr: Problematische Trends in der Fotografie"},"content":{"rendered":"<p>\n        Immer mehr Menschen greifen in der Natur zur Kamera \u2013 nicht alle halten sich an Regeln. In Schutzgebieten h\u00e4ufen sich St\u00f6rungen.<\/p>\n<p>\n        Fotos und Videos von Wildtieren erfreuen sich in den sozialen Medien gro\u00dfer Beliebtheit. F\u00fcr viele Menschen geh\u00f6rt es dazu, dass Erlebte und Gesehene mit dem Smartphone zu dokumentieren. Doch genau das kann f\u00fcr die Natur und die Wildtiere zum Problem werden. Manche Menschen nehmen beim Fotografieren von Tieren oder Pflanzen keine R\u00fccksicht auf den Naturschutz: Sie st\u00f6ren Birkh\u00fchner w\u00e4hrend ihrer Balz, durchqueren empfindliche Biotope auf der Suche nach einer sch\u00f6nen Orchidee oder lassen Drohnen \u00fcber Storchennestern fliegen. Fachleute warnen vor den m\u00f6glichen Folgen, manche Naturschutzgebiete ziehen bereits Konsequenzen.<\/p>\n<p>          Fotografie gef\u00e4hrdet seltene Vogelarten<\/p>\n<p>\n        Bei seltenen Vogelarten kann die St\u00f6rung durch Fotografen zum Verlust der Brut f\u00fchren. Bei Felsbr\u00fctern wie dem Uhu sind zum Beispiel F\u00e4lle bekannt, in denen die V\u00f6gel die Brut abgebrochen haben. \u00c4hnliches wurde auch bei Nisth\u00f6hlen des Raufu\u00dfkauzes beobachtet. Um die V\u00f6gel zu sch\u00fctzen, wurde auf der Vogelbeobachtungsplattform Ornitho.de die Ver\u00f6ffentlichung von Beobachtungen der Sumpfohreule w\u00e4hrend der Brutzeit ausgesetzt \u2013 um Belagerungen durch Fotografen zu verhindern. Auch der seltene Fischadler ist gef\u00e4hrdet: Ihm wurde sogar mit Drohnen nachgestellt. In mehreren F\u00e4llen kam es nachweislich zu Brutverlusten. Auch das Balzverhalten von Arten wie dem Birkhuhn ger\u00e4t zunehmend in den Fokus der Fotografen. Diese dringen f\u00fcr ihre Bilder teils gezielt in Brutgebiete vor \u2013 ein klarer Versto\u00df gegen Schutzvorgaben, warnt Henning Werth, Ranger in den Allg\u00e4uer Hochalpen.<\/p>\n<p>    <a class=\"text-inherit mb-8\" href=\"https:\/\/www.pirsch.de\/news\/neue-studie-so-helfen-natur-fotos-der-gesundheit-40852\" rel=\"nofollow noopener\" target=\"_blank\"><\/p>\n<p>                  <img decoding=\"async\" loading=\"lazy\" width=\"164\" height=\"109\" class=\"aspect-3\/2\" src=\"https:\/\/www.europesays.com\/de\/wp-content\/uploads\/2025\/06\/adobestock430468753-48391500.jpg\" alt=\"Natur kann positiv auf die Gesundheit wirken. Allein der Anblick von Naturbildern kann Schmerzen lindern, wie eine Hirnstudie zeigt (Symbolbild).\" title=\"Natur kann positiv auf die Gesundheit wirken. Allein der Anblick von Naturbildern kann Schmerzen lindern, wie eine Hirnstudie zeigt (Symbolbild).\"\/><\/p>\n<p>    <\/a><\/p>\n<p>\n        Doch nicht nur Tiere sind betroffen. Auch landschaftliche Fotomotive sorgen f\u00fcr Probleme. Besonders der Frauenschuh, eine gesch\u00fctzte Orchideenart, zieht viele Besucher an. Statt vom Weg aus zu fotografieren, laufen manche querfeldein \u2013 mit sichtbaren Folgen: Es entstehen Trittsch\u00e4den, es kommt zur Erosion, und die empfindliche Vegetation an den steilen H\u00e4ngen wird gest\u00f6rt.<\/p>\n<p>          Naturfotografen kennen die Problematik<\/p>\n<p>\n        Auch die Gesellschaft f\u00fcr Naturfotografie (GDT) ist sich der Probleme bewusst, die Hobbyfotografen verursachen k\u00f6nnen. \u201eSeltene oder besonders attraktive Arten liegen schon lange hoch im Kurs, allerdings ist mit einem Foto dieser Arten oft ein hoher Aufwand verbunden.\u201c Bestimmte Orte w\u00fcrden mittlerweile regelrecht \u00fcberrannt, da alle dasselbe Motiv ablichten m\u00f6chten. Auch dieser Trend wird in der GDT hei\u00df diskutiert. Jedoch hat laut Satzung die Achtung vor dem Leben bei der fotografischen Arbeit Vorrang: Geltende Gesetze im Natur- und Artenschutz seien im In- und Ausland einzuhalten. Zudem arbeitet ein neuer Arbeitskreis derzeit an ethischen Leitlinien.<\/p>\n<p>    <a class=\"text-inherit mb-8\" href=\"https:\/\/www.pirsch.de\/news\/fuechse-fotografiert-gericht-verhaengt-geldstrafe-gegen-wildfotografin-40422\" rel=\"nofollow noopener\" target=\"_blank\"><\/p>\n<p>                  <img decoding=\"async\" loading=\"lazy\" width=\"164\" height=\"109\" class=\"aspect-3\/2\" src=\"https:\/\/www.europesays.com\/de\/wp-content\/uploads\/2025\/06\/polarfuchs-herbst-norwegen-48331217.jpg\" alt=\"Im Herbst beginnt der Polarfuchs seinen dunklen Sommerbalg in einen wei\u00dfen Winterbalg zu wechseln.\" title=\"Im Herbst beginnt der Polarfuchs seinen dunklen Sommerbalg in einen wei\u00dfen Winterbalg zu wechseln.\"\/><\/p>\n<p>    <\/a><\/p>\n<p>          Ma\u00dfnahmen zum Schutz der Tiere<\/p>\n<p>\n        Um der Entwicklung in der Naturfotografie entgegenzuwirken, setzen Gebiete wie der M\u00fcritz-Nationalpark auf regulierte F\u00fchrungen. Das sogenannte Kranichticket soll Besucherstr\u00f6me zu den Rastpl\u00e4tzen der Kraniche besser lenken. Sichtschirme und Aussichtst\u00fcrme helfen dabei, Tierbeobachtungen zu erm\u00f6glichen, ohne die Tiere zu st\u00f6ren. Auch in den Alpen hat man sich ein Konzept \u00fcberlegt: Dort f\u00fchren die Alpinium-Ranger im zweitgr\u00f6\u00dften Naturschutzgebiet Bayerns F\u00fchrungen zu den \u201eBig Five\u201c durch. Dabei stehen statt afrikanischem Gro\u00dfwild die f\u00fcnf gro\u00dfen Charakterarten der Alpen \u2013 Steinadler, Gams, Steinbock, Murmeltier und Alpenschneehuhn \u2013 auf dem Programm.<\/p>\n<p>\n        Trotz einzelner Verst\u00f6\u00dfe zeigt sich die Mehrheit der Naturfotografen verantwortungsvoll und h\u00e4lt sich an die Regeln. Die Naturfotografie ist ein Risiko, aber auch eine Chance. Wenn sich die Fotografen so verhalten, dass sie nicht st\u00f6ren, tragen sie mit ihren Bildern zur Wertsch\u00e4tzung der Natur bei. Der Wunsch nach dem perfekten Bild darf jedoch nie zulasten der Natur gehen. Ein gelungenes Naturfoto entsteht dann, wenn es mit Abstand und Respekt gemacht wird \u2013 zum Wohl der Tiere, Pflanzen und Lebensr\u00e4ume.<\/p>\n<p>    <a class=\"text-inherit mb-8\" href=\"https:\/\/www.pirsch.de\/news\/hunde-im-wald-wie-sehr-stoeren-unsere-haustiere-die-natur-41102\" rel=\"nofollow noopener\" target=\"_blank\"><\/p>\n<p>                  <img decoding=\"async\" loading=\"lazy\" width=\"164\" height=\"109\" class=\"aspect-3\/2\" src=\"https:\/\/www.europesays.com\/de\/wp-content\/uploads\/2025\/06\/290_9ec89958-fe5b-4b54-8f30-df02adbbda1c.jpg\" alt=\"Auch angeleinte Hunde k\u00f6nnen Wildtiere im Wald erheblich st\u00f6ren.\" title=\"Auch angeleinte Hunde k\u00f6nnen Wildtiere im Wald erheblich st\u00f6ren.\"\/><\/p>\n<p>    <\/a><\/p>\n","protected":false},"excerpt":{"rendered":"Immer mehr Menschen greifen in der Natur zur Kamera \u2013 nicht alle halten sich an Regeln. In Schutzgebieten&hellip;\n","protected":false},"author":2,"featured_media":156094,"comment_status":"","ping_status":"","sticky":false,"template":"","format":"standard","meta":{"footnotes":""},"categories":[1775],"tags":[1793,5252,29,214,30,11334,1794,953,215],"class_list":{"0":"post-156093","1":"post","2":"type-post","3":"status-publish","4":"format-standard","5":"has-post-thumbnail","7":"category-kunst-und-design","8":"tag-art-and-design","9":"tag-artenschutz","10":"tag-deutschland","11":"tag-entertainment","12":"tag-germany","13":"tag-jagd","14":"tag-kunst-und-design","15":"tag-naturschutz","16":"tag-unterhaltung"},"share_on_mastodon":{"url":"https:\/\/pubeurope.com\/@de\/114606896866411742","error":""},"_links":{"self":[{"href":"https:\/\/www.europesays.com\/de\/wp-json\/wp\/v2\/posts\/156093","targetHints":{"allow":["GET"]}}],"collection":[{"href":"https:\/\/www.europesays.com\/de\/wp-json\/wp\/v2\/posts"}],"about":[{"href":"https:\/\/www.europesays.com\/de\/wp-json\/wp\/v2\/types\/post"}],"author":[{"embeddable":true,"href":"https:\/\/www.europesays.com\/de\/wp-json\/wp\/v2\/users\/2"}],"replies":[{"embeddable":true,"href":"https:\/\/www.europesays.com\/de\/wp-json\/wp\/v2\/comments?post=156093"}],"version-history":[{"count":0,"href":"https:\/\/www.europesays.com\/de\/wp-json\/wp\/v2\/posts\/156093\/revisions"}],"wp:featuredmedia":[{"embeddable":true,"href":"https:\/\/www.europesays.com\/de\/wp-json\/wp\/v2\/media\/156094"}],"wp:attachment":[{"href":"https:\/\/www.europesays.com\/de\/wp-json\/wp\/v2\/media?parent=156093"}],"wp:term":[{"taxonomy":"category","embeddable":true,"href":"https:\/\/www.europesays.com\/de\/wp-json\/wp\/v2\/categories?post=156093"},{"taxonomy":"post_tag","embeddable":true,"href":"https:\/\/www.europesays.com\/de\/wp-json\/wp\/v2\/tags?post=156093"}],"curies":[{"name":"wp","href":"https:\/\/api.w.org\/{rel}","templated":true}]}}