{"id":156105,"date":"2025-06-01T07:25:09","date_gmt":"2025-06-01T07:25:09","guid":{"rendered":"https:\/\/www.europesays.com\/de\/156105\/"},"modified":"2025-06-01T07:25:09","modified_gmt":"2025-06-01T07:25:09","slug":"cl-gala-von-desire-doue-ein-besonders-schmerzhafter-abend-fuer-den-fc-bayern-und-uli-hoeness","status":"publish","type":"post","link":"https:\/\/www.europesays.com\/de\/156105\/","title":{"rendered":"CL-Gala von D\u00e9sir\u00e9 Dou\u00e9: Ein besonders schmerzhafter Abend f\u00fcr den FC Bayern und Uli Hoene\u00df"},"content":{"rendered":"<p>                    CL-Gala von D\u00e9sir\u00e9 Dou\u00e9<br \/>\n                Ein besonders schmerzhafter Abend f\u00fcr den FC Bayern und Uli Hoene\u00df<\/p>\n<p>\t\t\t\t\t              \tVon Tobias Nordmann<br \/>\n\t\t\t\t              01.06.2025, 08:10 Uhr<\/p>\n<p><strong>Ein Youngster macht Paris St. Germain verr\u00fcckt: D\u00e9sir\u00e9 Dou\u00e9 ist der Mann, der dem Klub endlich den ersehnten Titel in der Champions League bringt. In M\u00fcnchen, wo er vergangenen Sommer beinahe gelandet w\u00e4re, gl\u00e4nzt er vor den Augen von Uli Hoene\u00df.<\/strong><\/p>\n<p>Kurz bevor das Spektakel von M\u00fcnchen abgepfiffen wurde, fingen die TV-Kameras Uli Hoene\u00df ein. Der gro\u00dfe Mann des FC Bayern sa\u00df auf der Trib\u00fcne neben seinem ewigen Weggef\u00e4hrten Karl-Heinz Rummenigge. Die beiden Alphatiere plauderten. Wor\u00fcber, das wei\u00df man nicht. Vielleicht \u00fcber das Transferdebakel um Florian Wirtz? Vielleicht \u00fcber das erstaunliche Paris St. Germain, das Inter Mailand im Finale der Champions League beim 5:0 in St\u00fccke riss? Vielleicht auch nur \u00fcber D\u00e9sir\u00e9 Dou\u00e9, den 19 Jahre alten Matchwinner?<\/p>\n<p>Der doch eigentlich h\u00e4tte f\u00fcr den FC Bayern spielen sollen. Ebenso wie der FC Bayern dem eigenen Verst\u00e4ndnis nach an diesem Abend h\u00e4tte mitmachen m\u00fcssen, im erneuten &#8222;Finale dahoam&#8220;. Doch dieser sch\u00f6ne Traum war schon vor ein paar Wochen zerplatzt. Die M\u00fcnchner waren im Viertelfinale an Inter Mailand zerschellt. Und wer die beiden Duelle gesehen hatte und noch dazu die eine Runde sp\u00e4ter zwischen den Italienern und dem FC Barcelona, der glaubte, den kommenden Champion Europas gesehen zu haben. Wie abgezockt war diese Mannschaft noch im April gewesen und wie chancenlos nun an diesem 31. Mai?<\/p>\n<p>&#8222;Das sollten wir sein, das sollten wir sein&#8220;<\/p>\n<p>Ja, vielleicht sprachen Hoene\u00df und Rummenigge an diesem ganz bitteren Abend f\u00fcr den Rekordmeister dar\u00fcber. Alphonso Davies, der Linksverteidiger der M\u00fcnchner, tat das jedenfalls. Er verfolgte das Spiel in der Arena und lie\u00df die Welt, wie eigentlich immer, via Social-Media an seinen Gef\u00fchlen teilhaben. &#8222;Das sollten wir sein, das sollten wir sein&#8220;, sagte er. Die M\u00fcnchner h\u00e4tten sich mit ihrer eigenen Geschichte vers\u00f6hnen wollen. Vor 13 Jahren waren sie in der eigenen Arena im Finale gescheitert, auf dramatische Weise am FC Chelsea.<\/p>\n<p>Was h\u00e4tte das D\u00e9j\u00e0-vu f\u00fcr gro\u00dfe Geschichten parat gehabt. Das letzte gro\u00dfe Spiel von Legende Thomas M\u00fcller als Fu\u00dfballer des FC Bayern etwa (die noch ausstehende Klub-WM mal ausgespart). Oder die internationale Kr\u00f6nung von Superst\u00fcrmer Harry Kane. Die Geschichten sind l\u00e4ngst alle erz\u00e4hlt, ohne Happy End. Das gab es dagegen f\u00fcr PSG. Seit \u00fcber einem Jahrzehnt versucht der Klub mit aberwitzigen Summen aus Katar endlich Europas Champion zu werden. Und ausgerechnet zu einer Zeit, als all die Megastars um Neymar, Lionel Messi oder Kylian Mbapp\u00e9 fort sind, klappt es. Mit einer hungrigen Supertalente-Truppe.<\/p>\n<p>Das gr\u00f6\u00dfte Juwel: Dou\u00e9. Im vergangenen Sommer verlie\u00df er Stade Rennes, die gro\u00dfe Fu\u00dfballwelt hatte ihm die T\u00fcren ge\u00f6ffnet. Er musste sich nur f\u00fcr eine entscheiden. Lange stand er vor der des FC Bayern, ehe er doch noch umswitchte und sich f\u00fcr PSG entschied. Stade Rennes hatte schon ganz fr\u00fch das ganz gro\u00dfe Talent erkannt und f\u00fcr ihn mit der eigenen Philosophie gebrochen. Eigentlich verpflichtet der Klub erst Spieler ab einem Alter von neun Jahren. Dou\u00e9 kam als F\u00fcnfj\u00e4hriger. Und ist nun als 19-J\u00e4hriger f\u00fcr immer ein Held.<\/p>\n<p>Dou\u00e9 und Olise, was w\u00e4re das geworden?<\/p>\n<p>In den Geschichtsb\u00fcchern der Pariser wird er eigene Kapitel bekommen. Er hat die Sehnsucht gestillt. Mit zwei Toren und einer Vorlage. Er war neben seinem genialen Teamkollegen Vitinha der beste Mann an diesem Abend. Dou\u00e9 tut die Dinge, die in Erinnerung bleiben. Vitinha, tut alles daf\u00fcr, um diese Momente zu erschaffen. Wie vor dem 1:0, als er einen simplen Sensationspass auf Dou\u00e9 spielte, der direkt weiterleitete zu Achraf Hakimi. Dou\u00e9 ist schnell, trickreich, abschlussstark &#8211; und nicht egoistisch. Eine herausragende Kombination.<\/p>\n<p>Ja, diesen Dou\u00e9, den h\u00e4tten sie in M\u00fcnchen gerne gesehen. Was w\u00e4re das geworden? Er auf der einen Seite, Michael Olise, der Spieler der Saison, auf der anderen Seite. Das h\u00e4tte donnernde &#8222;Robbery&#8220; Vibes gehabt, aber was nicht ist, das ist eben nicht. Und die Gala des 19-J\u00e4hrigen kratzte an diesem Abend an einer Wunde des FC Bayern, die noch nicht verheilt ist. Gerade erst hatte sie den Kampf um das deutsche Supertalent Florian Wirtz verloren. Der Leverkusener hatte ihn trotz intensivster Bem\u00fchungen und Geheimtreffen abgesagt.<\/p>\n<p>Uli Hoene\u00df und Karl-Heinz Rummenigge sollen vom &#8222;Hocker gefallen sein&#8220;, als sie von Wirtz&#8216; Absage h\u00f6rten. Sie waren sich so sicher, dass er kommen w\u00fcrde, dass er ihnen magische N\u00e4chte an der Seite von Jamal Musiala bescheren k\u00f6nnte. Doch Wirtz zieht es sehr wahrscheinlich zum FC Liverpool. Wieder hatte ein Riese doch noch die besseren Argumente gefunden, um dem FC Bayern ein Juwel wegzuschnappen. Danach war eine Debatte losgebrochen, wie viel Anziehung die M\u00fcnchner noch haben. Vorstandschef <a href=\"https:\/\/www.n-tv.de\/sport\/fussball\/Boss-des-FC-Bayern-macht-klare-Ansage-nach-Wirtz-Absage-article25797095.html\" rel=\"Follow noopener\" target=\"_self\">Jan-Christian Dreesen war sehr bem\u00fcht, die Kraft des Klubs stark zu reden<\/a>. Dass nicht jeder Spieler komme, sei eine branchen\u00fcbliche Sache.<\/p>\n<p>Die dritte gro\u00dfe Entt\u00e4uschung<\/p>\n<p>Dass die M\u00fcnchner aber nun abermals leer ausgingen, tut trotzdem weh. Im vergangenen Sommer<a href=\"https:\/\/www.n-tv.de\/sport\/fussball\/Korb-fuer-FC-Bayern-Umworbener-Simons-bleibt-bei-RB-Leipzig-article25137505.html\" rel=\"Follow noopener\" target=\"_self\"> verloren sie dem Vernehmen nach ja auch noch das Werben um Xavi Simons<\/a>, der \u00fcberraschend bei RB Leipzig blieb und dort eine schlimme Saison erlebte. Wie es bei den Sachsen weitergeht, das wei\u00df niemand. Erstmal muss die Trainerfrage gekl\u00e4rt werden. Cesc F\u00e0bregas soll es offenbar werden, doch dessen Klub Como 1907 will ihn nicht hergeben. Xavi Simons soll derweil weiter beim FC Bayern Thema sein &#8211; als Ersatz f\u00fcr Wirtz.<\/p>\n<p>Wer ganz sicher kein Thema mehr ist: Dou\u00e9. Der ist sp\u00e4testens seit diesem Abend nicht mehr zu finanzieren und von Paris St. Germain sowie nicht mehr loszueisen. Ob er mit diesem Spiel wirklich einen jahrelangen Zweikampf mit Lamine Yamal, dem Fu\u00dfball-Weltwunder des FC Barcelona, um die Krone des Fu\u00dfballs ausgerufen hat? Ob die Welt eine neue &#8222;Messaldo&#8220;-\u00c4ra bevorsteht? Dou\u00e9 hat zumindest den Teppich f\u00fcr eine Weltkarriere selbst ausgerollt. Er ist der erste Spieler, der in einem Endspiel der K\u00f6nigsklasse an drei Toren direkt beteiligt war.<\/p>\n<p>Mit einem nicht zu b\u00e4ndigenden L\u00e4cheln und der Auszeichnung f\u00fcr den Spieler des Spiels sprach in der Nacht \u00fcber die gro\u00dfen Momente von M\u00fcnchen. &#8222;Ich kann das nicht in Worte fassen. Es ist etwas Magisches&#8220;, sagte Dou\u00e9. &#8222;Wir haben Geschichte des Klubs, des franz\u00f6sischen und auch des europ\u00e4ischen Fu\u00dfballs geschrieben.&#8220; Viele Spieler des Teams m\u00fcssten sich noch steigern, sagte er, &#8222;und ich geh\u00f6re dazu&#8220;. Die Nacht in der Allianz Arena hat die Grenzen f\u00fcr Dou\u00e9 verschoben. Er ist nun kein Talent mehr, er ist ein Riese, ein Held. Auch dank Luis Enrique. &#8222;Es ist nicht einfach, junge Spieler in so einen gro\u00dfen Verein wie Paris zu integrieren&#8220;, sagte der Trainer, der sich gro\u00dfe Worte von seinem Juwel anh\u00f6ren durfte: &#8222;Taktisch und mental ist er ein wirklich guter Trainer, unglaublich. Und auch als Mensch. Es ist eine Freude, mit ihm zu arbeiten.&#8220;<\/p>\n<p>F\u00fcr den Ballon d&#8217;Or kommt Dou\u00e9 aber (noch) nicht infrage. Sagt Luis Enrique. F\u00fcr die Wahl als weltbesten Spieler w\u00fcrde er jemand anderen empfehlen: das gereifte Ex-Enfant-terrible Ousmane Demb\u00e9l\u00e9. &#8222;Ausschlie\u00dflich wegen der Art und Weise, wie er heute verteidigt hat. Das ist ein gro\u00dfes Zeichen von Leaderf\u00e4higkeiten&#8220;, sagte Enrique. Vielleicht sprachen Hoene\u00df und Rummenigge ja auch genau dar\u00fcber?<\/p>\n","protected":false},"excerpt":{"rendered":"CL-Gala von D\u00e9sir\u00e9 Dou\u00e9 Ein besonders schmerzhafter Abend f\u00fcr den FC Bayern und Uli Hoene\u00df Von Tobias Nordmann&hellip;\n","protected":false},"author":2,"featured_media":156106,"comment_status":"","ping_status":"","sticky":false,"template":"","format":"standard","meta":{"footnotes":""},"categories":[136],"tags":[468,29,458,347,30,9007,12836,265,2182],"class_list":{"0":"post-156105","1":"post","2":"type-post","3":"status-publish","4":"format-standard","5":"has-post-thumbnail","7":"category-sport","8":"tag-champions-league","9":"tag-deutschland","10":"tag-fc-bayern-muenchen","11":"tag-fussball","12":"tag-germany","13":"tag-inter-mailand","14":"tag-paris-st-germain","15":"tag-sport","16":"tag-uli-hoeness"},"share_on_mastodon":{"url":"https:\/\/pubeurope.com\/@de\/114606920389918386","error":""},"_links":{"self":[{"href":"https:\/\/www.europesays.com\/de\/wp-json\/wp\/v2\/posts\/156105","targetHints":{"allow":["GET"]}}],"collection":[{"href":"https:\/\/www.europesays.com\/de\/wp-json\/wp\/v2\/posts"}],"about":[{"href":"https:\/\/www.europesays.com\/de\/wp-json\/wp\/v2\/types\/post"}],"author":[{"embeddable":true,"href":"https:\/\/www.europesays.com\/de\/wp-json\/wp\/v2\/users\/2"}],"replies":[{"embeddable":true,"href":"https:\/\/www.europesays.com\/de\/wp-json\/wp\/v2\/comments?post=156105"}],"version-history":[{"count":0,"href":"https:\/\/www.europesays.com\/de\/wp-json\/wp\/v2\/posts\/156105\/revisions"}],"wp:featuredmedia":[{"embeddable":true,"href":"https:\/\/www.europesays.com\/de\/wp-json\/wp\/v2\/media\/156106"}],"wp:attachment":[{"href":"https:\/\/www.europesays.com\/de\/wp-json\/wp\/v2\/media?parent=156105"}],"wp:term":[{"taxonomy":"category","embeddable":true,"href":"https:\/\/www.europesays.com\/de\/wp-json\/wp\/v2\/categories?post=156105"},{"taxonomy":"post_tag","embeddable":true,"href":"https:\/\/www.europesays.com\/de\/wp-json\/wp\/v2\/tags?post=156105"}],"curies":[{"name":"wp","href":"https:\/\/api.w.org\/{rel}","templated":true}]}}