{"id":156210,"date":"2025-06-01T08:24:11","date_gmt":"2025-06-01T08:24:11","guid":{"rendered":"https:\/\/www.europesays.com\/de\/156210\/"},"modified":"2025-06-01T08:24:11","modified_gmt":"2025-06-01T08:24:11","slug":"active-garden-in-waiblingen-familie-suk-im-boulder-fieber-nachrichten-aus-waiblingen","status":"publish","type":"post","link":"https:\/\/www.europesays.com\/de\/156210\/","title":{"rendered":"Active Garden in Waiblingen: Familie Suk im Boulder-Fieber &#8211; Nachrichten aus Waiblingen"},"content":{"rendered":"<p><strong>Waiblingen.<\/strong> Die Kinder gehen zum Fu\u00dfball oder Turnen, die Eltern etwa zum Yoga, Joggen oder Tennis. Regelm\u00e4\u00dfigen Sport macht in vielen Familien wohl eher jeder f\u00fcr sich. Familie Suk hat etwas gefunden, das alle gleicherma\u00dfen packt: das Bouldern. Eine vierk\u00f6pfige Familie, die es liebt, Probleme zu l\u00f6sen.<\/p>\n<p>\u201eKinder und Radsport passen schlecht zusammen\u201c<\/p>\n<p>Im Active Garden in Waiblingen  t\u00fcrmen sich in einer gro\u00dfen Halle kleine Berge auf oder besser gesagt mit Griffen<\/p>\n","protected":false},"excerpt":{"rendered":"Waiblingen. Die Kinder gehen zum Fu\u00dfball oder Turnen, die Eltern etwa zum Yoga, Joggen oder Tennis. Regelm\u00e4\u00dfigen Sport&hellip;\n","protected":false},"author":2,"featured_media":156211,"comment_status":"","ping_status":"","sticky":false,"template":"","format":"standard","meta":{"footnotes":""},"categories":[1830],"tags":[54941,23039,1634,54942,3364,29,2507,30,54943,1441],"class_list":{"0":"post-156210","1":"post","2":"type-post","3":"status-publish","4":"format-standard","5":"has-post-thumbnail","7":"category-stuttgart","8":"tag-active-garden","9":"tag-aud_familie","10":"tag-baden-wuerttemberg","11":"tag-bouldern","12":"tag-de","13":"tag-deutschland","14":"tag-freizeit","15":"tag-germany","16":"tag-sport-mit-kindern","17":"tag-stuttgart"},"share_on_mastodon":{"url":"https:\/\/pubeurope.com\/@de\/114607153093293331","error":""},"_links":{"self":[{"href":"https:\/\/www.europesays.com\/de\/wp-json\/wp\/v2\/posts\/156210","targetHints":{"allow":["GET"]}}],"collection":[{"href":"https:\/\/www.europesays.com\/de\/wp-json\/wp\/v2\/posts"}],"about":[{"href":"https:\/\/www.europesays.com\/de\/wp-json\/wp\/v2\/types\/post"}],"author":[{"embeddable":true,"href":"https:\/\/www.europesays.com\/de\/wp-json\/wp\/v2\/users\/2"}],"replies":[{"embeddable":true,"href":"https:\/\/www.europesays.com\/de\/wp-json\/wp\/v2\/comments?post=156210"}],"version-history":[{"count":0,"href":"https:\/\/www.europesays.com\/de\/wp-json\/wp\/v2\/posts\/156210\/revisions"}],"wp:featuredmedia":[{"embeddable":true,"href":"https:\/\/www.europesays.com\/de\/wp-json\/wp\/v2\/media\/156211"}],"wp:attachment":[{"href":"https:\/\/www.europesays.com\/de\/wp-json\/wp\/v2\/media?parent=156210"}],"wp:term":[{"taxonomy":"category","embeddable":true,"href":"https:\/\/www.europesays.com\/de\/wp-json\/wp\/v2\/categories?post=156210"},{"taxonomy":"post_tag","embeddable":true,"href":"https:\/\/www.europesays.com\/de\/wp-json\/wp\/v2\/tags?post=156210"}],"curies":[{"name":"wp","href":"https:\/\/api.w.org\/{rel}","templated":true}]}}