{"id":156212,"date":"2025-06-01T08:25:11","date_gmt":"2025-06-01T08:25:11","guid":{"rendered":"https:\/\/www.europesays.com\/de\/156212\/"},"modified":"2025-06-01T08:25:11","modified_gmt":"2025-06-01T08:25:11","slug":"medien-vfb-stuttgart-erzielt-transfer-durchbruch","status":"publish","type":"post","link":"https:\/\/www.europesays.com\/de\/156212\/","title":{"rendered":"Medien: VfB Stuttgart erzielt Transfer-Durchbruch"},"content":{"rendered":"\n<p>In der vergangenen Saison konnte Josha Vagnoman beim VfB Stuttgart nur teilweise \u00fcberzeugen, die Suche nach einem neuen Rechtsverteidiger hatte im L\u00e4ndle daher eine hohe Priorit\u00e4t. Mit\u00a0Lorenz Assignon\u00a0von\u00a0Stade Rennes ist die gesuchte Verst\u00e4rkung f\u00fcr die Kader-Baustelle auch gefunden. \u00dcber die Abl\u00f6se sind sich beide Klubs nun offenbar einig geworden.<\/p>\n<p>Denn laut der f\u00fcr gew\u00f6hnlich gut informierten &#8222;L\u2018\u00c9quipe&#8220; erzielten die beiden Erstligisten in ihren Verhandlungen einen Durchbruch. Der franz\u00f6sischen Sportzeitschrift zufolge zahlt der <a href=\"https:\/\/www.sport.de\/fussball\/te2076\/vfb-stuttgart\/\" target=\"_blank\" rel=\"nofollow noopener\">VfB Stuttgart<\/a> eine Sockelabl\u00f6se von 13 Millionen Euro f\u00fcr\u00a0L<a href=\"https:\/\/www.sport.de\/fussball\/pe615546\/lorenz-assignon\/\" target=\"_blank\" rel=\"nofollow noopener\">orenz Assignon<\/a>\u00a0an <a href=\"https:\/\/www.sport.de\/fussball\/te1811\/stade-rennes\/\" target=\"_blank\" rel=\"nofollow noopener\">Stade Rennes.<\/a> Durch Boni kann diese noch auf 15 Millionen Euro ansteigen.<\/p>\n<p><a href=\"https:\/\/www.sport.de\/news\/ne7998512\/vfb-stuttgart-erster-sommer-deal-rueckt-naeher---abschluss-diese-woche\/\" target=\"_blank\" rel=\"nofollow noopener\">Mit dem 24-J\u00e4hrigen ist sich der Bundesligist bereits seit geraumer Zeit einig.<\/a>\u00a0Assignon z\u00e4hlte 2024\/25 zu den Leistungstr\u00e4gern seines Klubs. In 34 Pflichtspielen erzielte er vier Tore und bereitete f\u00fcnf Treffer vor.<\/p>\n<p>\t\tVfB Stuttgart will weitere Kader-Baustellen schlie\u00dfen<\/p>\n<p>Auch in der englischen Premier League konnte der 24-J\u00e4hrige\u00a0sein K\u00f6nnen schon unter Beweis stellen. Bei einer Leihe in der R\u00fcckrunde der Saison 2023\/24 bestritt er 15 Partien f\u00fcr den FC Burnley. Sein Trainer damals: Vincent Kompany, der im Sommer zum FC Bayern wechselte und die Meisterschaft mit den M\u00fcnchnern gewann.<\/p>\n<p><img decoding=\"async\" src=\"https:\/\/www.europesays.com\/de\/wp-content\/uploads\/2025\/05\/6jLS_b36rOj_l.jpg\"\/><\/p>\n<p>Assignon soll die rechte Seite der Schwaben verst\u00e4rken. J\u00fcngst hie\u00df es, dass das Rechtsverteidiger-Duo\u00a0Joshua Vagnoman und Pascal Stenzel keine Zukunft mehr beim VfB habe.\u00a0<\/p>\n<p>F\u00fcr den VfB soll\u00a0der Transfer nur der Auftakt sein. Die Transfer-Wunschliste der Schwaben sieht laut &#8222;Sky&#8220; wie folgt aus: Im zentralen Mittelfeld soll ein weiterer Spieler kommen, der als Box-to-Box-Spieler Druck auf das bew\u00e4hrte Duo Atakan Karazor und Angelo Stiller aus\u00fcbt und kein reiner Abr\u00e4umer ist. Zudem soll ein weiterer St\u00fcrmer kommen, das Profil sei aber noch offen.<\/p>\n<p>Und auch auf der 10er-Position k\u00f6nnte der VfB noch nachlegen, falls Pokalheld Enzo Millot den Klub verlassen sollte. Berichten zufolge\u00a0soll der Doppeltorsch\u00fctze aus dem Pokalfinale seinen Wechselwunsch hinterlegt haben. Er k\u00f6nnte im Sommer per Ausstiegsklausel den Verein wechseln.<\/p>\n","protected":false},"excerpt":{"rendered":"In der vergangenen Saison konnte Josha Vagnoman beim VfB Stuttgart nur teilweise \u00fcberzeugen, die Suche nach einem neuen&hellip;\n","protected":false},"author":2,"featured_media":156213,"comment_status":"","ping_status":"","sticky":false,"template":"","format":"standard","meta":{"footnotes":""},"categories":[1830],"tags":[1634,299,3364,29,347,30,4445,51048,863,54944,1441,887,4443,2915],"class_list":{"0":"post-156212","1":"post","2":"type-post","3":"status-publish","4":"format-standard","5":"has-post-thumbnail","7":"category-stuttgart","8":"tag-baden-wuerttemberg","9":"tag-bundesliga","10":"tag-de","11":"tag-deutschland","12":"tag-fussball","13":"tag-germany","14":"tag-ligue-1","15":"tag-lorenz-assignon","16":"tag-sport-allgemein","17":"tag-stade-rennes","18":"tag-stuttgart","19":"tag-top-fussball","20":"tag-transfers-und-geruechte","21":"tag-vfb-stuttgart"},"share_on_mastodon":{"url":"https:\/\/pubeurope.com\/@de\/114607156320128680","error":""},"_links":{"self":[{"href":"https:\/\/www.europesays.com\/de\/wp-json\/wp\/v2\/posts\/156212","targetHints":{"allow":["GET"]}}],"collection":[{"href":"https:\/\/www.europesays.com\/de\/wp-json\/wp\/v2\/posts"}],"about":[{"href":"https:\/\/www.europesays.com\/de\/wp-json\/wp\/v2\/types\/post"}],"author":[{"embeddable":true,"href":"https:\/\/www.europesays.com\/de\/wp-json\/wp\/v2\/users\/2"}],"replies":[{"embeddable":true,"href":"https:\/\/www.europesays.com\/de\/wp-json\/wp\/v2\/comments?post=156212"}],"version-history":[{"count":0,"href":"https:\/\/www.europesays.com\/de\/wp-json\/wp\/v2\/posts\/156212\/revisions"}],"wp:featuredmedia":[{"embeddable":true,"href":"https:\/\/www.europesays.com\/de\/wp-json\/wp\/v2\/media\/156213"}],"wp:attachment":[{"href":"https:\/\/www.europesays.com\/de\/wp-json\/wp\/v2\/media?parent=156212"}],"wp:term":[{"taxonomy":"category","embeddable":true,"href":"https:\/\/www.europesays.com\/de\/wp-json\/wp\/v2\/categories?post=156212"},{"taxonomy":"post_tag","embeddable":true,"href":"https:\/\/www.europesays.com\/de\/wp-json\/wp\/v2\/tags?post=156212"}],"curies":[{"name":"wp","href":"https:\/\/api.w.org\/{rel}","templated":true}]}}