{"id":156214,"date":"2025-06-01T08:26:11","date_gmt":"2025-06-01T08:26:11","guid":{"rendered":"https:\/\/www.europesays.com\/de\/156214\/"},"modified":"2025-06-01T08:26:11","modified_gmt":"2025-06-01T08:26:11","slug":"frankfurt-bunker-haben-ausgedient","status":"publish","type":"post","link":"https:\/\/www.europesays.com\/de\/156214\/","title":{"rendered":"Frankfurt: Bunker haben ausgedient"},"content":{"rendered":"<p>Zivilschutz in Frankfurt <\/p>\n<p>Bunker verlieren an Bedeutung<\/p>\n<p>01.06.2025 &#8211; 10:22 UhrLesedauer: 1 Min.<\/p>\n<p><a href=\"#focus-0\" class=\"transition-colors duration-200 focus-within:text-magenta block text-current relative\" data-sctrack=\"FocusGalleryImage.Reference\"><img fetchpriority=\"high\" data-testid=\"Opener.Image\" style=\"--lqipURL:url('https:\/\/images.t-online.de\/2025\/06\/1iYtMjVEtuKh\/0x75:800x450\/fit-in\/150x0\/filters:blur(25)\/image.jpg')\"   loading=\"eager\" src=\"https:\/\/www.europesays.com\/de\/wp-content\/uploads\/2025\/06\/1748766370_69_image.jpg\" alt=\"urn:newsml:dpa.com:20090101:250528-911-006636\" title=\"urn:newsml:dpa.com:20090101:250528-911-006636\" width=\"800\" height=\"450\" class=\"bg-[url:var(--lqipURL)] bg-cover bg-center flex w-full max-w-full h-full\" decoding=\"async\"\/><img style=\"--width:32;--height:32\" loading=\"lazy\" src=\"https:\/\/www.europesays.com\/de\/wp-content\/uploads\/2025\/04\/1745049674_75_zoom-in.f7dae02f.svg.svg+xml\" alt=\"Vergr\u00f6\u00dfern des Bildes\" title=\"Vergr\u00f6\u00dfern des Bildes\" class=\"&#10;        block&#10;        h-[calc(var(--height)_\/_16_*_1rem)]&#10;        w-[calc(var(--width)_\/_16_*_1rem)]&#10;        max-w-none&#10;        absolute bottom-8 right-8 rounded-4 bg-snow p-8\" decoding=\"async\"\/><\/a><\/p>\n<p>Geheimwege f\u00fchren in den stillgelegten Bunker einer Frankfurter Firma. (Quelle: Boris Roessler\/dpa)<\/p>\n<p class=\"font-bold text-18 leading-17\">In Frankfurt und weiteren hessischen St\u00e4dten haben Bunker als Schutzr\u00e4ume ausgedient. Das Innenministerium r\u00e4t zu neuen Vorsorgema\u00dfnahmen.<\/p>\n<p class=\"text-18 leading-17\">Bunker geh\u00f6ren nicht mehr zum modernen Zivilschutzkonzept in Hessen. Das hessische Innenministerium berichtet, dass es im Bundesland 15 \u00f6ffentliche Schutzr\u00e4ume mit insgesamt 33.000 Pl\u00e4tzen gibt. Diese befinden sich unter anderem in den kreisfreien St\u00e4dten Frankfurt am Main, Darmstadt, Kassel, Offenbach und Wiesbaden sowie in einigen Landkreisen wie Bergstra\u00dfe und Fulda.<\/p>\n<p class=\"text-18 leading-17\">Die Verantwortung f\u00fcr diese Schutzr\u00e4ume liegt beim Bund. Laut einem Sprecher aus Wiesbaden sei ihre Einsatzbereitschaft grunds\u00e4tzlich gegeben, doch m\u00fcssten sie reaktiviert werden. Seit 2006 verfolgt Deutschland die Strategie, \u00f6ffentliche Schutzr\u00e4ume schrittweise au\u00dfer Betrieb zu nehmen.<\/p>\n<p class=\"text-18 leading-17\">Das Bundesamt f\u00fcr Bev\u00f6lkerungsschutz und Katastrophenhilfe verweist auf ver\u00e4nderte Zeiten: W\u00e4hrend des Kalten Krieges konnten maximal zwei Prozent der Bev\u00f6lkerung in diesen R\u00e4umen Schutz finden. Heute seien neue Bedrohungsszenarien aktuell, die andere Ma\u00dfnahmen erfordern.<\/p>\n<p class=\"text-18 leading-17\">Die aktuelle geopolitische Lage, insbesondere der Angriff Russlands auf die Ukraine, hat die Sicherheitslage auch in Europa ver\u00e4ndert. Hessens Innenminister Roman Poseck (CDU) betont die Notwendigkeit neuer Ma\u00dfnahmen im Bev\u00f6lkerungsschutz. Jeder k\u00f6nne durch Vorr\u00e4te an Lebensmitteln und Batterien einen Beitrag leisten.<\/p>\n","protected":false},"excerpt":{"rendered":"Zivilschutz in Frankfurt Bunker verlieren an Bedeutung 01.06.2025 &#8211; 10:22 UhrLesedauer: 1 Min. Geheimwege f\u00fchren in den stillgelegten&hellip;\n","protected":false},"author":2,"featured_media":156215,"comment_status":"","ping_status":"","sticky":false,"template":"","format":"standard","meta":{"footnotes":""},"categories":[1829],"tags":[722,29,2050,2051,54946,30,2052,7539,54945,54947,7544,54948],"class_list":{"0":"post-156214","1":"post","2":"type-post","3":"status-publish","4":"format-standard","5":"has-post-thumbnail","7":"category-frankfurt-am-main","8":"tag-722","9":"tag-deutschland","10":"tag-frankfurt","11":"tag-frankfurt-am-main","12":"tag-geheimweg","13":"tag-germany","14":"tag-hessen","15":"tag-innenministerium","16":"tag-schutzraum","17":"tag-vorsorgemassnahme","18":"tag-zivilschutz","19":"tag-zivilschutzkonzept"},"share_on_mastodon":{"url":"","error":""},"_links":{"self":[{"href":"https:\/\/www.europesays.com\/de\/wp-json\/wp\/v2\/posts\/156214","targetHints":{"allow":["GET"]}}],"collection":[{"href":"https:\/\/www.europesays.com\/de\/wp-json\/wp\/v2\/posts"}],"about":[{"href":"https:\/\/www.europesays.com\/de\/wp-json\/wp\/v2\/types\/post"}],"author":[{"embeddable":true,"href":"https:\/\/www.europesays.com\/de\/wp-json\/wp\/v2\/users\/2"}],"replies":[{"embeddable":true,"href":"https:\/\/www.europesays.com\/de\/wp-json\/wp\/v2\/comments?post=156214"}],"version-history":[{"count":0,"href":"https:\/\/www.europesays.com\/de\/wp-json\/wp\/v2\/posts\/156214\/revisions"}],"wp:featuredmedia":[{"embeddable":true,"href":"https:\/\/www.europesays.com\/de\/wp-json\/wp\/v2\/media\/156215"}],"wp:attachment":[{"href":"https:\/\/www.europesays.com\/de\/wp-json\/wp\/v2\/media?parent=156214"}],"wp:term":[{"taxonomy":"category","embeddable":true,"href":"https:\/\/www.europesays.com\/de\/wp-json\/wp\/v2\/categories?post=156214"},{"taxonomy":"post_tag","embeddable":true,"href":"https:\/\/www.europesays.com\/de\/wp-json\/wp\/v2\/tags?post=156214"}],"curies":[{"name":"wp","href":"https:\/\/api.w.org\/{rel}","templated":true}]}}