{"id":156280,"date":"2025-06-01T09:01:10","date_gmt":"2025-06-01T09:01:10","guid":{"rendered":"https:\/\/www.europesays.com\/de\/156280\/"},"modified":"2025-06-01T09:01:10","modified_gmt":"2025-06-01T09:01:10","slug":"pol-rtk-zechpreller-leistet-widerstandtrunkenheitsfahrtfahrzeug","status":"publish","type":"post","link":"https:\/\/www.europesays.com\/de\/156280\/","title":{"rendered":"POL-RTK: +++Zechpreller leistet Widerstand+++Trunkenheitsfahrt+++Fahrzeug &#8230;"},"content":{"rendered":"<p class=\"date\">01.06.2025 \u2013 10:46<\/p>\n<p class=\"customer\">\n                        <a class=\"story-customer\" title=\"weiter zum newsroom von PD Rheingau-Taunus - Polizeipr\u00e4sidium Westhessen\" href=\"https:\/\/www.presseportal.de\/blaulicht\/nr\/47764\" rel=\"nofollow noopener\" target=\"_blank\">PD Rheingau-Taunus &#8211; Polizeipr\u00e4sidium Westhessen<\/a>\n                    <\/p>\n<p><a data-category=\"citylink-story-view\" data-action=\"click\" data-label=\"Citylink in Meldungsansicht\" class=\"story-city event-trigger\" href=\"https:\/\/www.presseportal.de\/regional\/Bad%20Schwalbach\" title=\"News aus Bad Schwalbach \" rel=\"nofollow noopener\" target=\"_blank\">Bad Schwalbach<\/a> (ots)<\/p>\n<p>Zechpreller leistet Widerstand,<\/p>\n<p>65385 R\u00fcdesheim am Rhein, Marktstra\u00dfe 27,<br \/>\nFreitag, 30.05.2025, 21:50 Uhr<\/p>\n<p>(br)Am Freitagabend um 21:50 Uhr kam es in einem Restaurant in R\u00fcdesheim zu Zahlstreitigkeiten zwischen einem 55-j\u00e4hrigen Gast aus Lindau und dem Restaurantpersonal. Als eine Streife der Polizeistation R\u00fcdesheim versuchte zwischen den beiden Parteien zu vermitteln und hierzu die Personalien feststellen wollte, versuchte der Gast sich durch Weglaufen der Kontrolle zu entziehen. Bei der folgenden Festnahme leistete der Mann Widerstand und trat nach den Beamten. Au\u00dferdem beleidigte er einen Polizisten. Die Beamten wurden hierbei nicht verletzt. Da ein durchgef\u00fchrter Atemalkoholtest bei dem Mann einen Wert von 2,4 Promille ergab, wurde eine Blutentnahme durchgef\u00fchrt. Anschlie\u00dfend wurde er wieder entlassen. Ihn erwartet nun ein entsprechendes Ermittlungsverfahren.<\/p>\n<p>2.\tTrunkenheitsfahrt,<\/p>\n<p>65366 Geisenheim, Industriestra\u00dfe,<\/p>\n<p>Sonntag, 01.06.2025, 01:45 Uhr<\/p>\n<p>(am) In der Nacht von Samstag auf Sonntag fiel einem Verkehrsteilnehmer in Geisenheim ein Kleintransporter der Marke Nissan durch seine unsichere Fahrweise auf. Da der Fahrer Schlangenlinien fuhr und dabei mehrfach in den Gegenverkehr geriet, verst\u00e4ndigte der Verkehrsteilnehmer die Polizei. Eine Streife der Polizeistation R\u00fcdesheim konnte das Fahrzeug schlie\u00dflich in der Industriestra\u00dfe anhalten. Bei der anschlie\u00dfenden Kontrolle stellte sich heraus, dass der Fahrer, ein 19-J\u00e4hriger aus Oestrich-Winkel, mit einem Atemalkoholwert von \u00fcber 2 Promille deutlich zu viel getrunken hatte. Bei ihm wurde eine Blutentnahme durchgef\u00fchrt und ein Ermittlungsverfahren wegen Trunkenheit im Stra\u00dfenverkehr eingeleitet.<\/p>\n<p>3.\tFahrzeug \u00fcberschl\u00e4gt sich &#8211; Fahrer schwer verletzt,<\/p>\n<p>Bundesstra\u00dfe 42 zwischen Eltville und Erbach,<br \/>\nSonntag, 01.06.2025, 08:20 Uhr<\/p>\n<p>(am) Zu einem Unfall mit einer schwer verletzten Person kam es am Sonntagmorgen auf der B 42 bei Eltville.<\/p>\n<p>Ein 20 Jahre alte Mann aus R\u00fcdesheim befuhr mit seinem Pkw Dacia die B 42 aus Wiesbaden kommend in Richtung R\u00fcdesheim. Zwischen den Abfahrten Eltville-West und Erbach kam der Fahrer in einer Rechtskurve aus bisher nicht bekannten Gr\u00fcnden nach rechts von der Fahrbahn ab und stie\u00df gegen die Leitplanke. Anschlie\u00dfend \u00fcberschlug sich das Fahrzeug und blieb auf dem Dach im Stra\u00dfengraben liegen. Der Fahrer wurde durch den Unfall schwer, aber nicht lebensgef\u00e4hrlich verletzt. Dieser wurde zur Behandlung in ein Wiesbadener Krankenhaus verbracht. Das Fahrzeug war nicht mehr fahrbereit und musste abgeschleppt werden. Es entstand ein Schaden in H\u00f6he von ca. 15.000,-<br \/>\nEuro.<br \/>\nDie B 42 musste f\u00fcr die Unfallaufnahme teilweise komplett gesperrt werden. Es kam zu leichten Verkehrsbehinderungen.<\/p>\n<p class=\"contact-headline\">R\u00fcckfragen bitte an:<\/p>\n<p class=\"contact-text\">Polizeipr\u00e4sidium Westhessen &#8211; Wiesbaden<br \/>Konrad-Adenauer-Ring 51<br \/>65187 Wiesbaden<br \/>Kommissar vom Dienst<br \/>Telefon: (06124) 7078-0<br \/>E-Mail: <a href=\"https:\/\/www.presseportal.de\/blaulicht\/pm\/47764\/mailto: KvD.Bad.Schwalbach.ppwh@polizei.hessen.de\" class=\"uri-mailto\" rel=\"nofollow noopener\" target=\"_blank\"> KvD.Bad.Schwalbach.ppwh@polizei.hessen.de<\/a><\/p>\n<p class=\"originator\">Original-Content von: PD Rheingau-Taunus &#8211; Polizeipr\u00e4sidium Westhessen, \u00fcbermittelt durch news aktuell<\/p>\n","protected":false},"excerpt":{"rendered":"01.06.2025 \u2013 10:46 PD Rheingau-Taunus &#8211; Polizeipr\u00e4sidium Westhessen Bad Schwalbach (ots) Zechpreller leistet Widerstand, 65385 R\u00fcdesheim am Rhein,&hellip;\n","protected":false},"author":2,"featured_media":108,"comment_status":"","ping_status":"","sticky":false,"template":"","format":"standard","meta":{"footnotes":""},"categories":[1847],"tags":[3364,29,548,663,3934,30,1087,13,2052,177,14,15,121,178,180,179,181,12,4544],"class_list":{"0":"post-156280","1":"post","2":"type-post","3":"status-publish","4":"format-standard","5":"has-post-thumbnail","7":"category-wiesbaden","8":"tag-de","9":"tag-deutschland","10":"tag-eu","11":"tag-europa","12":"tag-europe","13":"tag-germany","14":"tag-he","15":"tag-headlines","16":"tag-hessen","17":"tag-kriminalitt","18":"tag-nachrichten","19":"tag-news","20":"tag-polizei","21":"tag-presse","22":"tag-pressemeldung","23":"tag-pressemitteilung","24":"tag-pressemitteilungen","25":"tag-schlagzeilen","26":"tag-wiesbaden"},"share_on_mastodon":{"url":"https:\/\/pubeurope.com\/@de\/114607297947588908","error":""},"_links":{"self":[{"href":"https:\/\/www.europesays.com\/de\/wp-json\/wp\/v2\/posts\/156280","targetHints":{"allow":["GET"]}}],"collection":[{"href":"https:\/\/www.europesays.com\/de\/wp-json\/wp\/v2\/posts"}],"about":[{"href":"https:\/\/www.europesays.com\/de\/wp-json\/wp\/v2\/types\/post"}],"author":[{"embeddable":true,"href":"https:\/\/www.europesays.com\/de\/wp-json\/wp\/v2\/users\/2"}],"replies":[{"embeddable":true,"href":"https:\/\/www.europesays.com\/de\/wp-json\/wp\/v2\/comments?post=156280"}],"version-history":[{"count":0,"href":"https:\/\/www.europesays.com\/de\/wp-json\/wp\/v2\/posts\/156280\/revisions"}],"wp:featuredmedia":[{"embeddable":true,"href":"https:\/\/www.europesays.com\/de\/wp-json\/wp\/v2\/media\/108"}],"wp:attachment":[{"href":"https:\/\/www.europesays.com\/de\/wp-json\/wp\/v2\/media?parent=156280"}],"wp:term":[{"taxonomy":"category","embeddable":true,"href":"https:\/\/www.europesays.com\/de\/wp-json\/wp\/v2\/categories?post=156280"},{"taxonomy":"post_tag","embeddable":true,"href":"https:\/\/www.europesays.com\/de\/wp-json\/wp\/v2\/tags?post=156280"}],"curies":[{"name":"wp","href":"https:\/\/api.w.org\/{rel}","templated":true}]}}