{"id":156411,"date":"2025-06-01T10:15:15","date_gmt":"2025-06-01T10:15:15","guid":{"rendered":"https:\/\/www.europesays.com\/de\/156411\/"},"modified":"2025-06-01T10:15:15","modified_gmt":"2025-06-01T10:15:15","slug":"115-000-stimmabgaben-angemeldet-praesidentschaftswahl-mobilisiert-polen-in-deutschland","status":"publish","type":"post","link":"https:\/\/www.europesays.com\/de\/156411\/","title":{"rendered":"115.000 Stimmabgaben angemeldet: Pr\u00e4sidentschaftswahl mobilisiert Polen in Deutschland"},"content":{"rendered":"<p>                    115.000 Stimmabgaben angemeldet<br \/>\n                Pr\u00e4sidentschaftswahl mobilisiert Polen in Deutschland<\/p>\n<p>\t\t\t\t              01.06.2025, 10:05 Uhr<\/p>\n<p>\t\t\t\t\t       Artikel anh\u00f6ren<\/p>\n<p>\t\t\t\t\t\t\tDiese Audioversion wurde k\u00fcnstlich generiert. <a href=\"https:\/\/www.n-tv.de\/23249898\" target=\"_blank\" rel=\"noopener\">Mehr Infos<\/a><\/p>\n<p><strong>Bei der polnischen Pr\u00e4sidentschaftswahl liegen der proeurop\u00e4ische Kandidat und der EU-Skeptiker in Umfragen eng beieinander. Der Ausgang der Wahl k\u00f6nnte richtungsweisend f\u00fcr ganz Europa sein. Auch vielen Polen in Deutschland scheint klar: Jede Stimme z\u00e4hlt.<\/strong><\/p>\n<p>Die zweite Runde der polnischen Pr\u00e4sidentschaftswahl bewegt ungew\u00f6hnlich viele Polen in Deutschland: F\u00fcr die Abstimmung haben sich in Deutschland 115.000 Menschen mit polnischer Staatsb\u00fcrgerschaft registrieren lassen, teilte die polnische Botschaft der Funke-Mediengruppe auf Anfrage mit. Sie k\u00f6nnen somit in einem von 54 Wahllokalen im Bundesgebiet ihre Stimme abgeben. <\/p>\n<p>Das Interesse ist damit deutlich gr\u00f6\u00dfer als bei der vorangegangenen Pr\u00e4sidentschaftswahl: 2020 lie\u00dfen sich rund 70.000 Polen f\u00fcr die Abstimmung registrieren.<\/p>\n<p>In Deutschland leben laut dem Ausw\u00e4rtigen Amt etwa zwei Millionen Menschen mit polnischen Wurzeln. Etwa 865.000 von ihnen besitzen die polnische Staatsangeh\u00f6rigkeit. Sie haben keine M\u00f6glichkeit, per Briefwahl abzustimmen: Polen im Ausland m\u00fcssen sich vorab f\u00fcr eine Wahl registrieren lassen &#8211; \u00fcber eine Homepage oder pers\u00f6nlich in einem der polnischen Konsulate.<\/p>\n<\/p>\n<p>Richtungsweisende Wahl<\/p>\n<p>Bei der Pr\u00e4sidentschaftswahl treffen die Polen eine richtungsweisende Entscheidung: Sie k\u00f6nnen sich zwischen dem liberalen Pro-Europ\u00e4er Rafal Trzaskowski und dem nationalistischen EU-Skeptiker Karol Nawrocki als neues Staatsoberhaupt entscheiden. In Umfragen lag der Warschauer B\u00fcrgermeister Trzaskowski zuletzt mit 47,4 Prozent der Stimmen hauchd\u00fcnn vor Nawrocki: Der 42-J\u00e4hrige wird von der fr\u00fcheren Regierungspartei Recht und Gerechtigkeit (PiS) unterst\u00fctzt und kommt auf 46,3 Prozent.<\/p>\n<p>Der Pr\u00e4sident hat in Polen nur begrenzte Befugnisse, ist aber Oberbefehlshaber der Streitkr\u00e4fte, bestimmt die Au\u00dfenpolitik mit und hat das Recht, Gesetze einzubringen oder sein Veto gegen sie einzulegen. Ein Sieg Trzaskowskis w\u00fcrde dem liberalkonservativen Regierungschef Donald Tusk und dessen Wirtschaftsreformen weiteren Aufwind verleihen. <\/p>\n<p>Unter Nawrocki w\u00e4re hingegen eine Fortsetzung der Blockadepolitik zu erwarten: Der scheidende Staatschef Andrzej Duda hat seit dem Antritt der Regierung Tusk oft von seinem Vetorecht Gebrauch gemacht. Weiterhin k\u00f6nnte Nawrocki die bisher starke Unterst\u00fctzung Polens f\u00fcr die Ukraine infrage stellen. <\/p>\n<p>Die Wahllokale schlie\u00dfen um 21 Uhr. Unmittelbar danach wird das Ergebnis einer W\u00e4hlernachbefragung erwartet. Das endg\u00fcltige Ergebnis d\u00fcrfte jedoch erst am Montag feststehen.<\/p>\n","protected":false},"excerpt":{"rendered":"115.000 Stimmabgaben angemeldet Pr\u00e4sidentschaftswahl mobilisiert Polen in Deutschland 01.06.2025, 10:05 Uhr Artikel anh\u00f6ren Diese Audioversion wurde k\u00fcnstlich generiert.&hellip;\n","protected":false},"author":2,"featured_media":156412,"comment_status":"","ping_status":"","sticky":false,"template":"","format":"standard","meta":{"footnotes":""},"categories":[5],"tags":[37829,13,14,15,3917,16,12,10,8,9,11,4672],"class_list":{"0":"post-156411","1":"post","2":"type-post","3":"status-publish","4":"format-standard","5":"has-post-thumbnail","7":"category-nachrichten","8":"tag-donald-tusk","9":"tag-headlines","10":"tag-nachrichten","11":"tag-news","12":"tag-polen","13":"tag-politik","14":"tag-schlagzeilen","15":"tag-top-news","16":"tag-top-meldungen","17":"tag-topmeldungen","18":"tag-topnews","19":"tag-wahlen"},"share_on_mastodon":{"url":"https:\/\/pubeurope.com\/@de\/114607588887352318","error":""},"_links":{"self":[{"href":"https:\/\/www.europesays.com\/de\/wp-json\/wp\/v2\/posts\/156411","targetHints":{"allow":["GET"]}}],"collection":[{"href":"https:\/\/www.europesays.com\/de\/wp-json\/wp\/v2\/posts"}],"about":[{"href":"https:\/\/www.europesays.com\/de\/wp-json\/wp\/v2\/types\/post"}],"author":[{"embeddable":true,"href":"https:\/\/www.europesays.com\/de\/wp-json\/wp\/v2\/users\/2"}],"replies":[{"embeddable":true,"href":"https:\/\/www.europesays.com\/de\/wp-json\/wp\/v2\/comments?post=156411"}],"version-history":[{"count":0,"href":"https:\/\/www.europesays.com\/de\/wp-json\/wp\/v2\/posts\/156411\/revisions"}],"wp:featuredmedia":[{"embeddable":true,"href":"https:\/\/www.europesays.com\/de\/wp-json\/wp\/v2\/media\/156412"}],"wp:attachment":[{"href":"https:\/\/www.europesays.com\/de\/wp-json\/wp\/v2\/media?parent=156411"}],"wp:term":[{"taxonomy":"category","embeddable":true,"href":"https:\/\/www.europesays.com\/de\/wp-json\/wp\/v2\/categories?post=156411"},{"taxonomy":"post_tag","embeddable":true,"href":"https:\/\/www.europesays.com\/de\/wp-json\/wp\/v2\/tags?post=156411"}],"curies":[{"name":"wp","href":"https:\/\/api.w.org\/{rel}","templated":true}]}}