{"id":156417,"date":"2025-06-01T10:18:11","date_gmt":"2025-06-01T10:18:11","guid":{"rendered":"https:\/\/www.europesays.com\/de\/156417\/"},"modified":"2025-06-01T10:18:11","modified_gmt":"2025-06-01T10:18:11","slug":"holstein-kiel-verpflichtet-jonas-therkelsen-fuer-die-offensive","status":"publish","type":"post","link":"https:\/\/www.europesays.com\/de\/156417\/","title":{"rendered":"Holstein Kiel verpflichtet Jonas Therkelsen f\u00fcr die Offensive"},"content":{"rendered":"<p class=\"\">\n                    Der Zweitliga-Kader von Holstein Kiel f\u00fcr die anstehende Spielzeit nimmt weiter Form an. Wie die \u201eSt\u00f6rche\u201c am Sonntag offiziell verk\u00fcndeten, verst\u00e4rkt Jonas Therkelsen das offensive Mittelfeld der Kieler. Der 22-J\u00e4hrige wechselt vom norwegischen Erstligisten Str\u00f6msgodset IF an die F\u00f6rde und unterschreibt dort einen Vertrag bis zum 30. Juni 2029. \u00dcber die H\u00f6he der Abl\u00f6sesumme machten beide Vereine keine Angaben.\n            <\/p>\n<p>            Holstein: Jonas Therkelsen verst\u00e4rkt das offensive Mittelfeld<\/p>\n<p class=\"\">\n                    Olaf Rebbe, Gesch\u00e4ftsf\u00fchrer Sport der KSV, zeigt sich erfreut \u00fcber den Neuzugang: \u201eJonas bringt genau das Profil mit, welches wir f\u00fcr die Position im offensiven Mittelfeld gesucht haben. Er ist ein technisch versierter und spielintelligenter Spieler, der zudem Geschwindigkeit und Intensit\u00e4t mitbringt. Jonas wei\u00df seine Mitspieler in Szene zu setzen und zeichnet sich als Teamplayer aus. Wir sind \u00fcberzeugt, dass er sich schnell an die neue Umgebung und unsere Idee von Fu\u00dfball gew\u00f6hnen wird.\u201c\n            <\/p>\n<p>\n                \u201eHolsteins Verantwortliche haben sich sehr um mich bem\u00fcht und mir einen klaren Plan aufgezeigt. Die Spielphilosophie mit dem sehr dynamischen und offensiv ausgerichteten Ansatz passt perfekt zu mir.\u201c\n            <\/p>\n<p>Jonas Therkelsen,<\/p>\n<p>Neuzugang bei Holstein Kiel<\/p>\n<p class=\"\">\n                    Jonas Therkelsen hat seine fu\u00dfballerische Ausbildung in der Jugendabteilung von Str\u00f6msgodset IF genossen und dort seit seinem Profideb\u00fct im Oktober 2022 rund 70 Pflichtspiele absolviert, in denen er sechs Tore erzielte. Der junge Norweger bringt auch internationale Erfahrung mit, nachdem er bislang achtmal f\u00fcr die norwegische U20- und U21-Nationalmannschaft aufgelaufen war.\n            <\/p>\n<p>\n                                Seit seinem Profi-Deb\u00fct im Oktober 2022 absolvierte Jonas Therkelsen 70 Pflichtspiele f\u00fcr Str\u00f6msgodset IF in der ersten norwegischen Liga.<br \/>\n                            Foto: imago \/ NTB<\/p>\n<p><img decoding=\"async\" src=\"https:\/\/www.europesays.com\/de\/wp-content\/uploads\/2025\/06\/imago1062430427.jpg\" title=\"Seit seinem Profi-Deb\u00fct im Oktober 2022 absolvierte Jonas Therkelsen 70 Pflichtspiele f\u00fcr Str\u00f6msgodset IF in der ersten norwegischen Liga.\" alt=\"Seit seinem Profi-Deb\u00fct im Oktober 2022 absolvierte Jonas Therkelsen 70 Pflichtspiele f\u00fcr Str\u00f6msgodset IF in der ersten norwegischen Liga.\" class=\"lightbox__single-image__content__image-wrapper__img\" loading=\"lazy\" width=\"375\" height=\"250\"\/>Icon MaximizeIcon Lightbox Maximize<\/p>\n<p>SchliessenX ZeichenKleines Zeichen welches ein X symbolisiert<\/p>\n<p><img class=\"lightbox--enabled__container__image-wrapper__img\" alt=\"\"\/><\/p>\n<p class=\"\">\n                    F\u00fcr Therkelsen, der am Samstag noch beim 0:3 seines Heimatclubs gegen Ham-Kam in der ersten norwegischen Liga auf dem Platz, markiere der Wechsel nach Kiel einen wichtigen Schritt in seiner Karriere. \u201eIch freue mich riesig auf diese neue Herausforderung. Holsteins Verantwortliche haben sich sehr um mich bem\u00fcht und mir einen klaren Plan aufgezeigt. Die Spielphilosophie mit dem sehr dynamischen und offensiv ausgerichteten Ansatz passt perfekt zu mir. Daher bin ich sicher, dass ich mich hier leicht einleben werde und meine Qualit\u00e4ten schnell mit einbringen kann, um gemeinsam erfolgreich zu sein,\u201c betont der Neuzugang.\n            <\/p>\n","protected":false},"excerpt":{"rendered":"Der Zweitliga-Kader von Holstein Kiel f\u00fcr die anstehende Spielzeit nimmt weiter Form an. Wie die \u201eSt\u00f6rche\u201c am Sonntag&hellip;\n","protected":false},"author":2,"featured_media":156418,"comment_status":"","ping_status":"","sticky":false,"template":"","format":"standard","meta":{"footnotes":""},"categories":[1852],"tags":[3364,26996,29,548,663,25857,3934,30,13,10243,4949,14,15,913,12,1971,5843,25858],"class_list":{"0":"post-156417","1":"post","2":"type-post","3":"status-publish","4":"format-standard","5":"has-post-thumbnail","7":"category-kiel","8":"tag-de","9":"tag-deutsche-meisterschaften","10":"tag-deutschland","11":"tag-eu","12":"tag-europa","13":"tag-europaeisches-amt-fuer-betrugsbekaempfung-olaf","14":"tag-europe","15":"tag-germany","16":"tag-headlines","17":"tag-holstein-kiel","18":"tag-kiel","19":"tag-nachrichten","20":"tag-news","21":"tag-norwegen","22":"tag-schlagzeilen","23":"tag-schleswig-holstein","24":"tag-trainer","25":"tag-vereinswechsel"},"share_on_mastodon":{"url":"https:\/\/pubeurope.com\/@de\/114607600731944375","error":""},"_links":{"self":[{"href":"https:\/\/www.europesays.com\/de\/wp-json\/wp\/v2\/posts\/156417","targetHints":{"allow":["GET"]}}],"collection":[{"href":"https:\/\/www.europesays.com\/de\/wp-json\/wp\/v2\/posts"}],"about":[{"href":"https:\/\/www.europesays.com\/de\/wp-json\/wp\/v2\/types\/post"}],"author":[{"embeddable":true,"href":"https:\/\/www.europesays.com\/de\/wp-json\/wp\/v2\/users\/2"}],"replies":[{"embeddable":true,"href":"https:\/\/www.europesays.com\/de\/wp-json\/wp\/v2\/comments?post=156417"}],"version-history":[{"count":0,"href":"https:\/\/www.europesays.com\/de\/wp-json\/wp\/v2\/posts\/156417\/revisions"}],"wp:featuredmedia":[{"embeddable":true,"href":"https:\/\/www.europesays.com\/de\/wp-json\/wp\/v2\/media\/156418"}],"wp:attachment":[{"href":"https:\/\/www.europesays.com\/de\/wp-json\/wp\/v2\/media?parent=156417"}],"wp:term":[{"taxonomy":"category","embeddable":true,"href":"https:\/\/www.europesays.com\/de\/wp-json\/wp\/v2\/categories?post=156417"},{"taxonomy":"post_tag","embeddable":true,"href":"https:\/\/www.europesays.com\/de\/wp-json\/wp\/v2\/tags?post=156417"}],"curies":[{"name":"wp","href":"https:\/\/api.w.org\/{rel}","templated":true}]}}