{"id":156442,"date":"2025-06-01T10:32:09","date_gmt":"2025-06-01T10:32:09","guid":{"rendered":"https:\/\/www.europesays.com\/de\/156442\/"},"modified":"2025-06-01T10:32:09","modified_gmt":"2025-06-01T10:32:09","slug":"angetrunken-unfall-verursacht-radio-bielefeld","status":"publish","type":"post","link":"https:\/\/www.europesays.com\/de\/156442\/","title":{"rendered":"Angetrunken Unfall verursacht | Radio Bielefeld"},"content":{"rendered":"<p class=\"bodytext\">HC\/ Bielefeld &#8211; Baumheide- In den fr\u00fchen Stunden des Freitags, 30.05.2025, kam es zu einem Unfall mit zwei Verletzten, nachdem ein PKW-Fahrer bei Rotlicht in eine Kreuzung einfuhr. Der Fahrer war alkoholisiert.<\/p>\n<p>Ein 55-j\u00e4hriger Bielefelder wartete gegen 05:40 Uhr mit seinem VW Polo auf dem Linksabbiegerfahrstreifen der Talbr\u00fcckenstra\u00dfe Ecke Herforder Stra\u00dfe vor der roten Ampel. Als die Lichtzeichenanlage auf Gr\u00fcn umsprang, fuhr er los und bog nach links in die Herforder Stra\u00dfe ein. Im Kreuzungsbereich kam es zum Zusammensto\u00df mit dem Opel Corsa eines 23-j\u00e4hrigen Herforders, der auf dem linken Fahrstreifen der Herforder Stra\u00dfe in Richtung stadtausw\u00e4rts fuhr und offensichtlich das f\u00fcr ihn zeigende Rotlicht missachtete. Bei dem Zusammensto\u00df wurden beide Fahrer verletzt. Die Fahrzeuge waren nicht mehr fahrbereit und mussten abgeschleppt werden. Der Sachschaden wird auf circa 12000 Euro gesch\u00e4tzt.<\/p>\n<p>Aufgrund der aktuellen Baustelle, im Bereich der Stra\u00dfe Am Wellbach und der Herforder Stra\u00dfe, musste f\u00fcr die Unfallaufnahme sowie die Bergung der PKW die Herforder Stra\u00dfe in Fahrtrichtung stadtausw\u00e4rts bis 07:25 Uhr gesperrt werden.<\/p>\n<p>Die Verletzten wurden am Unfallort durch Rettungskr\u00e4fte versorgt und anschie\u00dfend zur weiteren Behandlung in Krankenh\u00e4user gebracht. Der 23-J\u00e4hrige gestand gegen\u00fcber den Polizeibeamtinnen vor Fahrtantritt Alkohol konsumiert zu haben. Ein Alkoholvortest verlief positiv.  Eine \u00c4rztin entnahm ihm eine Blutprobe und die Polizistinnen stellten seinen F\u00fchrerschein sicher.<\/p>\n<p>R\u00fcckfragen von Journalisten bitte an:<\/p>\n<p>Polizeipr\u00e4sidium Bielefeld Leitungsstab\/ Presse- und \u00d6ffentlichkeitsarbeit Kurt-Schumacher-Stra\u00dfe 46 33615 Bielefeld<\/p>\n<p>Sonja Rehmert (SR), Tel. 0521\/545-3020 Katja K\u00fcster (KK), Tel. 0521\/545-3195 Sarah Siedschlag (SI), Tel. 0521\/545-3021 Michael K\u00f6tter (MK), Tel. 0521\/545-3022 Hella Christoph (HC), Tel. 0521\/545-3023 Fabian Rickel (FR), Tel. 0521\/545-3024 Caroline Steffen (CS), Tel. 0521\/545-3026 Lukas Reker (LR), Tel. 0521\/545-3222 Jan Grote (JG), Tel. 0521\/545-3235<\/p>\n<p>E-Mail: pressestelle.bielefeld@polizei.nrw.de <a href=\"https:\/\/bielefeld.polizei.nrw\/\" target=\"_blank\" rel=\"nofollow noopener\">bielefeld.polizei.nrw<\/a><\/p>\n<p>Au\u00dferhalb der B\u00fcrodienstzeit: Leitstelle, Tel. 0521\/545-0<\/p>\n<p> Original-Content von: Polizei Bielefeld, \u00fcbermittelt durch news aktuell<\/p>\n","protected":false},"excerpt":{"rendered":"HC\/ Bielefeld &#8211; Baumheide- In den fr\u00fchen Stunden des Freitags, 30.05.2025, kam es zu einem Unfall mit zwei&hellip;\n","protected":false},"author":2,"featured_media":156443,"comment_status":"","ping_status":"","sticky":false,"template":"","format":"standard","meta":{"footnotes":""},"categories":[1841],"tags":[1605,3364,29,30,1209,12925],"class_list":{"0":"post-156442","1":"post","2":"type-post","3":"status-publish","4":"format-standard","5":"has-post-thumbnail","7":"category-bielefeld","8":"tag-bielefeld","9":"tag-de","10":"tag-deutschland","11":"tag-germany","12":"tag-nordrhein-westfalen","13":"tag-polizeimeldungen"},"share_on_mastodon":{"url":"https:\/\/pubeurope.com\/@de\/114607655728372259","error":""},"_links":{"self":[{"href":"https:\/\/www.europesays.com\/de\/wp-json\/wp\/v2\/posts\/156442","targetHints":{"allow":["GET"]}}],"collection":[{"href":"https:\/\/www.europesays.com\/de\/wp-json\/wp\/v2\/posts"}],"about":[{"href":"https:\/\/www.europesays.com\/de\/wp-json\/wp\/v2\/types\/post"}],"author":[{"embeddable":true,"href":"https:\/\/www.europesays.com\/de\/wp-json\/wp\/v2\/users\/2"}],"replies":[{"embeddable":true,"href":"https:\/\/www.europesays.com\/de\/wp-json\/wp\/v2\/comments?post=156442"}],"version-history":[{"count":0,"href":"https:\/\/www.europesays.com\/de\/wp-json\/wp\/v2\/posts\/156442\/revisions"}],"wp:featuredmedia":[{"embeddable":true,"href":"https:\/\/www.europesays.com\/de\/wp-json\/wp\/v2\/media\/156443"}],"wp:attachment":[{"href":"https:\/\/www.europesays.com\/de\/wp-json\/wp\/v2\/media?parent=156442"}],"wp:term":[{"taxonomy":"category","embeddable":true,"href":"https:\/\/www.europesays.com\/de\/wp-json\/wp\/v2\/categories?post=156442"},{"taxonomy":"post_tag","embeddable":true,"href":"https:\/\/www.europesays.com\/de\/wp-json\/wp\/v2\/tags?post=156442"}],"curies":[{"name":"wp","href":"https:\/\/api.w.org\/{rel}","templated":true}]}}