{"id":156461,"date":"2025-06-01T10:42:18","date_gmt":"2025-06-01T10:42:18","guid":{"rendered":"https:\/\/www.europesays.com\/de\/156461\/"},"modified":"2025-06-01T10:42:18","modified_gmt":"2025-06-01T10:42:18","slug":"atx-trends-eurotelesites-cpi-europe-telekom-austria","status":"publish","type":"post","link":"https:\/\/www.europesays.com\/de\/156461\/","title":{"rendered":"ATX-Trends: EuroTeleSites, CPI Europe, Telekom Austria &#8230;"},"content":{"rendered":"<p>  30.05.2025,<br \/>\n    1722 Zeichen<br \/>\n<br clear=\"all\"\/><\/p>\n<p>Aus den Morning News der Wiener Privatbank: &#8222;Der Wiener Aktienmarkt hat den Handel gestern Donnerstag mit leichten Verlusten beendet. Nach einem deutlich positiven Start rutschte der ATX im Verlauf ab und drehte schlie\u00dflich ins Minus. Er schloss 0,21 Prozent tiefer bei 4.424,27 Punkten. Der marktbreitere <a href=\"https:\/\/dora5.r.a.d.sendibm1.com\/mk\/cl\/f\/sh\/6rqJfgq8dIUQXYfGpkhhXQzdYVL\/jILVeZUtsq2B\" target=\"_blank\" rel=\"noopener\">ATX Prime fiel um 0,24 Prozent auf 2.220,56 Z\u00e4hler. <\/a>Das Urteil eines US-Gerichts, mit dem die US-Z\u00f6lle von Pr\u00e4sident <a href=\"http:\/\/www.boerse-social.com\/persons\/donald_trump\" class=\"person_link\" title=\"Donald Trump im Personen-Verzeichnis\" target=\"_blank\" rel=\"noopener\"> Donald Trump<\/a> f\u00fcr ung\u00fcltig erkl\u00e4rt wurden, hatte in der Fr\u00fch f\u00fcr Kaufstimmung bei Aktien gesorgt. Im Verlauf wechselten die Vorzeichen wieder angesichts einer sehr un\u00fcbersichtlichen Lage.<br \/>Die US-Regierung geht in Berufung, womit unklar ist, was am Ende des Instanzenweges herauskommen wird. Beobachter schlie\u00dfen nicht aus, dass ein Berufungsgericht die Ma\u00dfnahmen vorl\u00e4ufig wieder in Kraft setzt. Manch ein Experte sieht zudem m\u00f6gliche Schlupfl\u00f6cher f\u00fcr die US-Regierung.<\/p>\n<p>Eher negative Impulse kamen am Nachmittag auch durch US-Konjunkturdaten. In den Vereinigten Staaten ist die Zahl der Erstantr\u00e4ge auf Arbeitslosenhilfe in der vergangenen Woche deutlich st\u00e4rker gestiegen als erwartet. Dass die US-Wirtschaft im ersten Quartal laut einer zweiten Sch\u00e4tzung etwas weniger als zun\u00e4chst ermittelt geschrumpft ist, spielte kaum eine Rolle. Die st\u00e4rksten Gewinne im Prime Segment verzeichneten <a href=\"https:\/\/dora5.r.a.d.sendibm1.com\/mk\/cl\/f\/sh\/6rqJfgq8dIW5a0xQK47FT27ZBoN\/8g3nsuKIIeBg\" target=\"_blank\" rel=\"noopener\">EuroTeleSites<\/a> mit plus 2,8 Prozent. Gefragt waren auch <a href=\"https:\/\/dora5.r.a.d.sendibm1.com\/mk\/cl\/f\/sh\/6rqJfgq8dIXkcTFZoNWnOdFUp7P\/wzX9vJTDEn2w\" target=\"_blank\" rel=\"noopener\">RHI-Magnesita-Aktien , die um 2,4 Prozent zulegten. Zu den st\u00e4rkeren Verlierern geh\u00f6rten <\/a><a href=\"https:\/\/dora5.r.a.d.sendibm1.com\/mk\/cl\/f\/sh\/6rqJfgq8dIZPevXjIgwLKENQSQR\/id4VInSoFePa\" target=\"_blank\" rel=\"noopener\">CPI Europe<\/a> mit minus 2,3 Prozent. Der Immobilienkonzern (fr\u00fcher Immofinanz) hatte am Abend nachb\u00f6rslich f\u00fcr das erste Quartal einen leichten Gewinnr\u00fcckgang gemeldet. Die deutlichsten Verluste gab es bei <a href=\"https:\/\/dora5.r.a.d.sendibm1.com\/mk\/cl\/f\/sh\/6rqJfgq8dIb4hNpsn0LtFpVM5jT\/FMc_rjE1j1rd\" target=\"_blank\" rel=\"noopener\">Telekom Austria . Hier stand ein Minus von 2,6 Prozent zu Buche.<\/a>&#8222;<\/p>\n<p>(30.05.2025)<\/p>\n<p>\n BSN Podcasts\n<\/p>\n<p><a href=\"https:\/\/audio-cd.at\/page\/podcast\/7365\/\" style=\"text-decoration:none;line-height:1px;font-size:14px;color:#333\" target=\"_blank\" rel=\"noopener\"><br \/>\n      <b>Christian Drastil: Wiener B\u00f6rse Plausch<\/b><br \/>\n      <img decoding=\"async\" src=\"https:\/\/www.europesays.com\/de\/wp-content\/uploads\/2025\/06\/1748774537_386_100.jpeg\" style=\"width:50px; float:left;margin-right:10px;margin-top:2px\"\/><\/p>\n<p style=\"font-size:14px;margin-bottom:0;font-weight:normal;margin-top:6px;line-height:13px\">Zertifikate Party \u00d6sterreich 05\/25: Talk mit dem ZFA-Beiratskollegen Otto Lucius \u00fcber Ausbildung &amp; Co., Siegertafel vergangener Awards\n        <\/p>\n<p>      <\/a><\/p>\n<p>\u00a0<\/p>\n<p>    <br clear=\"all\"\/><br \/>\n        Bildnachweis<\/p>\n<p style=\"font-size:12px;margin-bottom:8px\">\n          1.<\/p>\n<p><a href=\"https:\/\/boerse-social.com\/radar\/30.05.2025\" target=\"_blank\" rel=\"noopener\"><\/p>\n<p><b style=\"color:#333\">Aktien auf dem Radar:<\/b>Strabag, Austriacard Holdings AG, Verbund, Addiko Bank, EuroTeleSites AG, Flughafen Wien, RBI, ATX Prime, Pierer Mobility, VIG, Warimpex, Zumtobel, Porr, EVN, AT&amp;S, Gurktaler AG Stamm, Lenzing, Polytec Group, Marinomed Biotech, Oberbank AG Stamm, Amag, FACC, OMV, Palfinger, \u00d6sterreichische Post, Telekom Austria, Uniqa, Fresenius Medical Care, E.ON , HeidelbergCement, Siemens.\n    <\/p>\n<p><\/a> <\/p>\n<p>  <a href=\"https:\/\/boerse-social.com\/partner\" target=\"_blank\" rel=\"noopener\">Random Partner<\/a><\/p>\n<p>            <a href=\"https:\/\/www.denizbank.at\" target=\"_blank\" style=\"border:0\" rel=\"noopener\"><br \/>\n                <img decoding=\"async\" src=\"https:\/\/www.europesays.com\/de\/wp-content\/uploads\/2025\/06\/200.png\" style=\"width:100px;\"\/><br \/>\n            <\/a><\/p>\n<p class=\"content\">\n            <a href=\"https:\/\/www.denizbank.at\" target=\"_blank\" rel=\"noopener\"><b style=\"font-weight:500;border-bottom:1px dotted #999\">DenizBank AG <\/b><\/a><br \/>Die DenizBank AG wurde 1996 gegr\u00fcndet und ist eine \u00f6sterreichische Universalbank. Sie unterliegt dem \u00f6sterreichischen Bankwesengesetz und ist Mitglied bei der gesetzlichen einheitlichen Sicherungseinrichtung der Einlagensicherung AUSTRIA GmbH. Die DenizBank AG ist Teil der t\u00fcrkischen DenizBank Financial Services Group, die sich seit 2019 im Besitz der Emirates NBD Gruppe befindet.\n        <\/p>\n<p style=\"padding-left:8px\">&gt;&gt; Besuchen Sie 60 weitere Partner auf <a href=\"http:\/\/boerse-social.com\/partner\" style=\"border-bottom:1px dotted #999\" target=\"_blank\" rel=\"noopener\">boerse-social.com\/partner<\/a><\/p>\n<p><br clear=\"all\"\/><\/p>\n<p>    \u00a0Latest Blogs<\/p>\n<p style=\"font-size:13px;margin-bottom:5px\">\n        <a href=\"https:\/\/boerse-social.com\/2025\/06\/01\/borse-inputs_auf_spotify_zu_ua_filip_misolic_zertifikate_awards_austria_otto_lucius_1\" target=\"_blank\" rel=\"noopener\"><br \/>\n          \u00bb B\u00f6rse-Inputs auf Spotify zu u.a. Filip Misolic, Zertifikate Awards Austr&#8230;<br \/>\n        <\/a>\n      <\/p>\n<p style=\"font-size:13px;margin-bottom:5px\">\n        <a href=\"https:\/\/boerse-social.com\/2025\/05\/31\/borse-inputs_auf_spotify_zu_ua_verbund_cpi_porsche_ccpa_eam_raiffeisen_verbund_erste_group_gunter_deuber_wolfgang_matejka_1\" target=\"_blank\" rel=\"noopener\"><br \/>\n          \u00bb B\u00f6rse-Inputs auf Spotify zu u.a. Verbund, CPI, Porsche, CCPA, EAM, Raiff&#8230;<br \/>\n        <\/a>\n      <\/p>\n<p style=\"font-size:13px;margin-bottom:5px\">\n        <a href=\"https:\/\/boerse-social.com\/2025\/05\/31\/sportwoche_podcast_163_wenn_filip_misolic_quote_11_heute_gegen_novak_djokovic_104_against_all_odds_gewinnt_passiert_folgendes\" target=\"_blank\" rel=\"noopener\"><br \/>\n          \u00bb SportWoche Podcast #163: Wenn Filip Misolic (Quote 11) heute gegen Novak&#8230;<br \/>\n        <\/a>\n      <\/p>\n<p style=\"font-size:13px;margin-bottom:5px\">\n        <a href=\"https:\/\/boerse-social.com\/2025\/05\/30\/osterreich-depots_ultimo_bilanz_beide_uber_der_benchmark_depot_kommentar\" target=\"_blank\" rel=\"noopener\"><br \/>\n          \u00bb \u00d6sterreich-Depots: Ultimo Bilanz, beide \u00fcber der Benchmark (Depot Kommen&#8230;<br \/>\n        <\/a>\n      <\/p>\n<p style=\"font-size:13px;margin-bottom:5px\">\n        <a href=\"https:\/\/boerse-social.com\/2025\/05\/30\/borsegeschichte_305_extremes_zu_austriacard_rhi_magnesita_osterreichische_post_borse_geschichte_borsegeschichte\" target=\"_blank\" rel=\"noopener\"><br \/>\n          \u00bb B\u00f6rsegeschichte 30.5.: Extremes zu Austriacard, RHI Magnesita, \u00d6sterreic&#8230;<br \/>\n        <\/a>\n      <\/p>\n<p style=\"font-size:13px;margin-bottom:5px\">\n        <a href=\"https:\/\/boerse-social.com\/2025\/05\/30\/nachlese_christian_prechtl_christoph_boschan_markus_marterbauer_audio_cdat\" target=\"_blank\" rel=\"noopener\"><br \/>\n          \u00bb Nachlese: Christian Prechtl, Christoph Boschan, Markus Marterbauer (audi&#8230;<br \/>\n        <\/a>\n      <\/p>\n<p style=\"font-size:13px;margin-bottom:5px\">\n        <a href=\"https:\/\/boerse-social.com\/2025\/05\/30\/pir-news_rosinger_group_mit_borsekandidaten_kostad_beantragt_sanierung_cpi_kauft_zuruck_christine_petzwinkler\" target=\"_blank\" rel=\"noopener\"><br \/>\n          \u00bb PIR-News: Rosinger Group mit B\u00f6rsekandidaten, Kostad beantragt Sanierung&#8230;<br \/>\n        <\/a>\n      <\/p>\n<p style=\"font-size:13px;margin-bottom:5px\">\n        <a href=\"https:\/\/boerse-social.com\/2025\/05\/30\/_christian_drastil_59\" target=\"_blank\" rel=\"noopener\"><br \/>\n          \u00bb  (Christian Drastil)<br \/>\n        <\/a>\n      <\/p>\n<p style=\"font-size:13px;margin-bottom:5px\">\n        <a href=\"https:\/\/boerse-social.com\/2025\/05\/30\/wiener_borse_party_914_atx_am_fenstertag_mai-ultimo_zunachst_fester_verbund_stark_cpi_kauft_zuruck_rosinger_bleibt_in_italien\" target=\"_blank\" rel=\"noopener\"><br \/>\n          \u00bb Wiener B\u00f6rse Party #914: ATX am Fenstertag = Mai-Ultimo zun\u00e4chst fester,&#8230;<br \/>\n        <\/a>\n      <\/p>\n<p style=\"font-size:13px;margin-bottom:5px\">\n        <a href=\"https:\/\/boerse-social.com\/2025\/05\/30\/wiener_borse_zu_am_fenstertag_mittag_fester_verbund_wienerberger_semperit_gesucht\" target=\"_blank\" rel=\"noopener\"><br \/>\n          \u00bb Wiener B\u00f6rse am Fenstertag Mittag fester: Verbund, Wienerberger, Semperi&#8230;<br \/>\n        <\/a>\n      <\/p>\n<p><\/p>\n","protected":false},"excerpt":{"rendered":"30.05.2025, 1722 Zeichen Aus den Morning News der Wiener Privatbank: &#8222;Der Wiener Aktienmarkt hat den Handel gestern Donnerstag&hellip;\n","protected":false},"author":2,"featured_media":156462,"comment_status":"","ping_status":"","sticky":false,"template":"","format":"standard","meta":{"footnotes":""},"categories":[3933],"tags":[4064,331,332,18099,12147,282,26417,54978,548,663,158,3934,3935,3986,13,47623,54976,9347,14,15,54977,12,4454,49628,3106,20367],"class_list":{"0":"post-156461","1":"post","2":"type-post","3":"status-publish","4":"format-standard","5":"has-post-thumbnail","7":"category-eu","8":"tag-aktienmarkt","9":"tag-aktuelle-nachrichten","10":"tag-aktuelle-news","11":"tag-atx","12":"tag-aus","13":"tag-der","14":"tag-donnerstag","15":"tag-er","16":"tag-eu","17":"tag-europa","18":"tag-europaeische-union","19":"tag-europe","20":"tag-european-union","21":"tag-handel","22":"tag-headlines","23":"tag-minus","24":"tag-morning","25":"tag-nach","26":"tag-nachrichten","27":"tag-news","28":"tag-privatbank","29":"tag-schlagzeilen","30":"tag-start","31":"tag-verlauf","32":"tag-verlusten","33":"tag-wiener"},"share_on_mastodon":{"url":"https:\/\/pubeurope.com\/@de\/114607695031247859","error":""},"_links":{"self":[{"href":"https:\/\/www.europesays.com\/de\/wp-json\/wp\/v2\/posts\/156461","targetHints":{"allow":["GET"]}}],"collection":[{"href":"https:\/\/www.europesays.com\/de\/wp-json\/wp\/v2\/posts"}],"about":[{"href":"https:\/\/www.europesays.com\/de\/wp-json\/wp\/v2\/types\/post"}],"author":[{"embeddable":true,"href":"https:\/\/www.europesays.com\/de\/wp-json\/wp\/v2\/users\/2"}],"replies":[{"embeddable":true,"href":"https:\/\/www.europesays.com\/de\/wp-json\/wp\/v2\/comments?post=156461"}],"version-history":[{"count":0,"href":"https:\/\/www.europesays.com\/de\/wp-json\/wp\/v2\/posts\/156461\/revisions"}],"wp:featuredmedia":[{"embeddable":true,"href":"https:\/\/www.europesays.com\/de\/wp-json\/wp\/v2\/media\/156462"}],"wp:attachment":[{"href":"https:\/\/www.europesays.com\/de\/wp-json\/wp\/v2\/media?parent=156461"}],"wp:term":[{"taxonomy":"category","embeddable":true,"href":"https:\/\/www.europesays.com\/de\/wp-json\/wp\/v2\/categories?post=156461"},{"taxonomy":"post_tag","embeddable":true,"href":"https:\/\/www.europesays.com\/de\/wp-json\/wp\/v2\/tags?post=156461"}],"curies":[{"name":"wp","href":"https:\/\/api.w.org\/{rel}","templated":true}]}}