{"id":156467,"date":"2025-06-01T10:45:08","date_gmt":"2025-06-01T10:45:08","guid":{"rendered":"https:\/\/www.europesays.com\/de\/156467\/"},"modified":"2025-06-01T10:45:08","modified_gmt":"2025-06-01T10:45:08","slug":"finale-der-champions-league-zwei-tote-bei-ausschreitungen-nach-psg-sieg","status":"publish","type":"post","link":"https:\/\/www.europesays.com\/de\/156467\/","title":{"rendered":"Finale der Champions League: Zwei Tote bei Ausschreitungen nach PSG-Sieg"},"content":{"rendered":"<p class=\"metatextline\">Stand: 01.06.2025 12:10 Uhr<\/p>\n<p class=\"textabsatz columns twelve  m-ten  m-offset-one l-eight l-offset-two\">\n        <strong>Der Sieg von Paris Saint-Germain in der Champions League sorgte f\u00fcr ausgelassene Feiern in ganz Frankreich. Doch die blieben nicht immer friedlich: Hunderte Menschen wurden festgenommen. F\u00fcr einen Mann und eine Frau endete die Nacht t\u00f6dlich.<\/strong>\n    <\/p>\n<p class=\"textabsatz m-ten m-offset-one l-eight l-offset-two columns twelve\">\nBei Feiern zum Finalsieg von Paris Saint-Germain in der Champions League hat es in Frankreich zwei Tote und knapp 200 Verletzte gegeben. Wie das Innenministerium in einer vorl\u00e4ufigen Bilanz mitteilte, wurden landesweit 559 Menschen festgenommen, die gro\u00dfe Mehrheit von ihnen in Paris. 22 Sicherheitskr\u00e4fte und sieben Feuerwehrleute wurden demnach bei Ausschreitungen verletzt. Die Beh\u00f6rden z\u00e4hlten zudem knapp 700 Br\u00e4nde, etliche davon waren brennende Fahrzeuge.<\/p>\n<p class=\"textabsatz m-ten m-offset-one l-eight l-offset-two columns twelve\">\nIm s\u00fcdfranz\u00f6sischen Dax wurde ein junger Mann am Rande einer Fan-Feier erstochen. Wie genau es zu dem Vorfall kam, war zun\u00e4chst unklar. Auch das genaue Alter des Toten war laut Polizei nicht best\u00e4tigt. Medienberichten zufolge soll es sich bei der zweiten toten Person um eine Frau handeln, die in Paris auf einem Roller unterwegs war und von Fans mit einem Auto angefahren wurde. Zu den meisten der 192 Verletzten gab es keine Details.<\/p>\n<p class=\"absatzbild__info__text\">\n                        Auf den Champs-\u00c9lys\u00e9es wurde die Polizei mit Feuerwerksk\u00f6rpern angegriffen. Der Boulevard wurde sp\u00e4ter ger\u00e4umt.\n                    <\/p>\n<p>    Ausschreitungen vor allem in Paris<\/p>\n<p class=\"textabsatz m-ten m-offset-one l-eight l-offset-two columns twelve\">\nIm ostfranz\u00f6sischen Grenoble war ein Auto in eine feiernde Menschenmenge gefahren. Laut Polizei handelte es sich um einen Unfall. Vier Mitglieder einer Familie wurden demnach verletzt, zwei von ihnen schwer.<\/p>\n<p class=\"textabsatz m-ten m-offset-one l-eight l-offset-two columns twelve\">\nBesonders in Paris gab es am Rande der Feiern Krawalle. Zu Ausschreitungen kam es vor allem auf dem Prachtboulevard Champs-\u00c9lys\u00e9es, der sp\u00e4ter von der Polizei ger\u00e4umt wurde, und in der N\u00e4he des Prinzenparks, wo sich Zehntausende Fu\u00dfballfans zum Public Viewing versammelt hatten.\u00a0<\/p>\n<p class=\"textabsatz m-ten m-offset-one l-eight l-offset-two columns twelve\">\nRandalierer pl\u00fcnderten Gesch\u00e4fte, schlugen Fensterscheiben ein und z\u00fcndeten Autos an. Die Einsatzkr\u00e4fte wurden teils mit Feuerwerksk\u00f6rpern beschossen und gingen ihrerseits mit Tr\u00e4nengas gegen Krawallmacher vor. Frankreichs Innenminister Bruno Retailleau schrieb am Abend auf X von &#8222;Barbaren&#8220;, die Einsatzkr\u00e4fte provoziert h\u00e4tten, w\u00e4hrend wahre Fans sich f\u00fcr das Endspiel zwischen PSG und Inter Mailand in M\u00fcnchen begeisterten. Sp\u00e4ter teilte er einen Aufruf des Pariser Clubs an alle Fans, sich respektvoll und friedlich zu verhalten.<\/p>\n<p>    PSG besiegt Inter Mailand mit 5:0<\/p>\n<p class=\"textabsatz m-ten m-offset-one l-eight l-offset-two columns twelve\">\nMit einem 5:0-Sieg gegen den italienischen Vizemeister Inter Mailand hatte sich PSG erstmals in der Vereinsgeschichte den Titel in der europ\u00e4ischen K\u00f6nigsklasse gesichert. Ausgetragen wurde das Finale in M\u00fcnchen, wo franz\u00f6sische Fans nach Abpfiff mit einem Platzsturm feierten und dabei auch den Rasen im Stadion besch\u00e4digten.<\/p>\n<p class=\"textabsatz m-ten m-offset-one l-eight l-offset-two columns twelve\">\nAuf den Stra\u00dfen der bayerischen Landeshauptstadt blieb es dagegen weitgehend friedlich: Trotz kleinerer Auseinandersetzungen zwischen rivalisierenden Fans h\u00e4tten sich die meisten Anh\u00e4nger fair benommen und nicht randaliert, teilte die Polizei am Morgen mit.<\/p>\n<p class=\"textabsatz m-ten m-offset-one l-eight l-offset-two columns twelve\">\nNach bisherigen Erkenntnissen wurden 15 Menschen wegen verschiedener Delikte wie Taschendiebstahl oder Hausfriedensbruchs vorl\u00e4ufig festgenommen. Zudem gab es Anzeigen f\u00fcr 64 Menschen unter anderem wegen K\u00f6rperverletzung sowie Verst\u00f6\u00dfen mit pyrotechnischen Gegenst\u00e4nden.<\/p>\n","protected":false},"excerpt":{"rendered":"Stand: 01.06.2025 12:10 Uhr Der Sieg von Paris Saint-Germain in der Champions League sorgte f\u00fcr ausgelassene Feiern in&hellip;\n","protected":false},"author":2,"featured_media":156468,"comment_status":"","ping_status":"","sticky":false,"template":"","format":"standard","meta":{"footnotes":""},"categories":[5],"tags":[331,332,468,3364,29,156,347,30,13,14,15,12],"class_list":{"0":"post-156467","1":"post","2":"type-post","3":"status-publish","4":"format-standard","5":"has-post-thumbnail","7":"category-nachrichten","8":"tag-aktuelle-nachrichten","9":"tag-aktuelle-news","10":"tag-champions-league","11":"tag-de","12":"tag-deutschland","13":"tag-frankreich","14":"tag-fussball","15":"tag-germany","16":"tag-headlines","17":"tag-nachrichten","18":"tag-news","19":"tag-schlagzeilen"},"share_on_mastodon":{"url":"https:\/\/pubeurope.com\/@de\/114607706966367822","error":""},"_links":{"self":[{"href":"https:\/\/www.europesays.com\/de\/wp-json\/wp\/v2\/posts\/156467","targetHints":{"allow":["GET"]}}],"collection":[{"href":"https:\/\/www.europesays.com\/de\/wp-json\/wp\/v2\/posts"}],"about":[{"href":"https:\/\/www.europesays.com\/de\/wp-json\/wp\/v2\/types\/post"}],"author":[{"embeddable":true,"href":"https:\/\/www.europesays.com\/de\/wp-json\/wp\/v2\/users\/2"}],"replies":[{"embeddable":true,"href":"https:\/\/www.europesays.com\/de\/wp-json\/wp\/v2\/comments?post=156467"}],"version-history":[{"count":0,"href":"https:\/\/www.europesays.com\/de\/wp-json\/wp\/v2\/posts\/156467\/revisions"}],"wp:featuredmedia":[{"embeddable":true,"href":"https:\/\/www.europesays.com\/de\/wp-json\/wp\/v2\/media\/156468"}],"wp:attachment":[{"href":"https:\/\/www.europesays.com\/de\/wp-json\/wp\/v2\/media?parent=156467"}],"wp:term":[{"taxonomy":"category","embeddable":true,"href":"https:\/\/www.europesays.com\/de\/wp-json\/wp\/v2\/categories?post=156467"},{"taxonomy":"post_tag","embeddable":true,"href":"https:\/\/www.europesays.com\/de\/wp-json\/wp\/v2\/tags?post=156467"}],"curies":[{"name":"wp","href":"https:\/\/api.w.org\/{rel}","templated":true}]}}