{"id":156495,"date":"2025-06-01T10:59:12","date_gmt":"2025-06-01T10:59:12","guid":{"rendered":"https:\/\/www.europesays.com\/de\/156495\/"},"modified":"2025-06-01T10:59:12","modified_gmt":"2025-06-01T10:59:12","slug":"fw-e-naechtlicher-dachstuhlbrand-in-essen-bredeney","status":"publish","type":"post","link":"https:\/\/www.europesays.com\/de\/156495\/","title":{"rendered":"FW-E: N\u00e4chtlicher Dachstuhlbrand in Essen-Bredeney"},"content":{"rendered":"<p class=\"date\">01.06.2025 \u2013 12:55<\/p>\n<p class=\"customer\">\n                        <a class=\"story-customer\" title=\"weiter zum newsroom von Feuerwehr Essen\" href=\"https:\/\/www.presseportal.de\/blaulicht\/nr\/56893\" rel=\"nofollow noopener\" target=\"_blank\">Feuerwehr Essen<\/a>\n                    <\/p>\n<p><a class=\"glightbox event-trigger\" href=\"https:\/\/cache.pressmailing.net\/thumbnail\/story_hires\/639db441-614b-4636-b0bf-380012ba9dc0\/PHOTO-2025-06-01-11-54-12.jpeg.jpg\" data-description=\"Blick auf die Einsatzstelle &#010;Foto: Feuerwehr Essen\" data-category=\"medialightbox\" data-action=\"click\" data-label=\"single\" data-value=\"683c319e270000fd2c9951f9\" rel=\"nofollow noopener\" target=\"_blank\"><img decoding=\"async\" height=\"540\" with=\"720\" src=\"https:\/\/www.europesays.com\/de\/wp-content\/uploads\/2025\/06\/fw-e-n-chtlicher-dachstuhlbrand-in-essen-bredeney.jpeg\"   alt=\"FW-E: N\u00e4chtlicher Dachstuhlbrand in Essen-Bredeney\" class=\"single\"\/><\/a><\/p>\n<p><a data-category=\"citylink-story-view\" data-action=\"click\" data-label=\"Citylink in Meldungsansicht\" class=\"story-city event-trigger\" href=\"https:\/\/www.presseportal.de\/regional\/Essen-Bredeney%2C%20Grashofstra%DFe%2C%2001.06.2025%2C%2000%3A05%20Uhr\" title=\"News aus Essen-Bredeney, Grashofstra\u00dfe, 01.06.2025, 00:05 Uhr \" rel=\"nofollow noopener\" target=\"_blank\">Essen-Bredeney, Grashofstra\u00dfe, 01.06.2025, 00:05 Uhr<\/a> (ots)<\/p>\n<p>Um kurz nach Mitternacht kam es im Stadtteil Bredeney zu einem Dachstuhlbrand eines Einfamilienhauses. Mehrere Anrufende berichteten von einem Blitzeinschlag in das Dach des Geb\u00e4udes.<br \/>\nBei Eintreffen der ersten Einsatzkr\u00e4fte an der Einsatzstelle schlugen bereits die Flammen aus dem Dachbereich. Zu dem Zeitpunkt hatten alle Bewohner das Geb\u00e4ude eigenst\u00e4ndig verlassen.<br \/>\nDurch die z\u00fcgig eingeleiteten L\u00f6schma\u00dfnahmen von mehreren Trupps unter Atemschutz im Innenangriff und dem Einsatz einer Drehleiter im Au\u00dfenangriff konnte eine Brandausbreitung begrenzt werden.<br \/>\nUm Glutnester freizulegen, \u00f6ffneten die Einsatzkr\u00e4fte gro\u00dfe Teile des Daches von innen und au\u00dfen. Anschlie\u00dfend wurden unter Zuhilfenahme einer W\u00e4rmebildkamera Nachl\u00f6scharbeiten durchgef\u00fchrt.<\/p>\n<p>Nach rund drei Stunden konnte &#8222;Feuer aus&#8220; gemeldet werden.<br \/>\nDas betroffene Geb\u00e4ude ist derzeit nicht bewohnbar. Verletzt wurde gl\u00fccklicherweise niemand.<\/p>\n<p>Die Essener Feuerwehr war mit zwei L\u00f6schz\u00fcgen der Berufsfeuerwehr, dem F\u00fchrungsdienst, Sonderfahrzeugen, der Freiwilligen Feuerwehr Essen-Margarethenh\u00f6he sowie mehreren Fahrzeugen des Rettungsdienstes f\u00fcr rund drei Stunden im Einsatz.<\/p>\n<p>Die Feuerwachen R\u00fcttenscheid und Stadtmitte wurden w\u00e4hrend des Einsatzes durch Einheiten der Freiwilligen Feuerwehr Essen-Heisingen und der Freiwilligen Feuerwehr Essen-Mitte besetzt, um den Grundschutz im Stadtgebiet sicherzustellen.<\/p>\n<p>Die Brandursache ist derzeit unklar. Die Polizei hat die Ermittlungen aufgenommen.<\/p>\n<p>Im Laufe der Nacht und am Morgen erfolgten Brandnachschauen durch die Feuerwehr.<\/p>\n<p>Insgesamt kam es im Stadtgebiet Essen gl\u00fccklicherweise im Zeitraum von 17:00 Uhr (31.05.2025) bis 08:00 Uhr heute Morgen lediglich zu rund 3 unwetterbedingten Eins\u00e4tzen. Neben dem oben beschriebenen Einsatz st\u00fcrzten in den Stadtteilen Burgaltendorf und Stoppenberg gegen ca. 23:40 Uhr B\u00e4ume auf die Fahrbahn und besch\u00e4digten zwei parkende PKW.Einsatzkr\u00e4fte der Wache Altenessen sowie der Einheiten der Freiwilligen Feuerwehr Essen-Burgaltendorf und Essen-Stoppenberg beseitigten die Gefahrenstellen.<\/p>\n<p class=\"contact-headline\">R\u00fcckfragen bitte an:<\/p>\n<p class=\"contact-text\">Feuerwehr Essen<br \/>Christian Schm\u00fccker<br \/>Telefon: 0201-12370102<br \/>Fax: 0201\/228233<br \/>E-Mail: <a href=\"https:\/\/www.presseportal.de\/blaulicht\/pm\/56893\/mailto: christian.schmuecker@feuerwehr.essen.de\" class=\"uri-mailto\" rel=\"nofollow noopener\" target=\"_blank\"> christian.schmuecker@feuerwehr.essen.de<\/a><br \/><a target=\"_blank\" class=\"uri-ext outbound\" rel=\"noopener nofollow\" href=\"http:\/\/www.essen.de\/feuerwehr\">http:\/\/www.essen.de\/feuerwehr<\/a><\/p>\n<p class=\"originator\">Original-Content von: Feuerwehr Essen, \u00fcbermittelt durch news aktuell<\/p>\n","protected":false},"excerpt":{"rendered":"01.06.2025 \u2013 12:55 Feuerwehr Essen Essen-Bredeney, Grashofstra\u00dfe, 01.06.2025, 00:05 Uhr (ots) Um kurz nach Mitternacht kam es im&hellip;\n","protected":false},"author":2,"featured_media":156496,"comment_status":"","ping_status":"","sticky":false,"template":"","format":"standard","meta":{"footnotes":""},"categories":[1834],"tags":[2919,3364,29,3688,985,30,1209,176,178,180,179,181],"class_list":{"0":"post-156495","1":"post","2":"type-post","3":"status-publish","4":"format-standard","5":"has-post-thumbnail","7":"category-essen","8":"tag-brand","9":"tag-de","10":"tag-deutschland","11":"tag-essen","12":"tag-feuerwehr","13":"tag-germany","14":"tag-nordrhein-westfalen","15":"tag-nrw","16":"tag-presse","17":"tag-pressemeldung","18":"tag-pressemitteilung","19":"tag-pressemitteilungen"},"share_on_mastodon":{"url":"https:\/\/pubeurope.com\/@de\/114607762020510556","error":""},"_links":{"self":[{"href":"https:\/\/www.europesays.com\/de\/wp-json\/wp\/v2\/posts\/156495","targetHints":{"allow":["GET"]}}],"collection":[{"href":"https:\/\/www.europesays.com\/de\/wp-json\/wp\/v2\/posts"}],"about":[{"href":"https:\/\/www.europesays.com\/de\/wp-json\/wp\/v2\/types\/post"}],"author":[{"embeddable":true,"href":"https:\/\/www.europesays.com\/de\/wp-json\/wp\/v2\/users\/2"}],"replies":[{"embeddable":true,"href":"https:\/\/www.europesays.com\/de\/wp-json\/wp\/v2\/comments?post=156495"}],"version-history":[{"count":0,"href":"https:\/\/www.europesays.com\/de\/wp-json\/wp\/v2\/posts\/156495\/revisions"}],"wp:featuredmedia":[{"embeddable":true,"href":"https:\/\/www.europesays.com\/de\/wp-json\/wp\/v2\/media\/156496"}],"wp:attachment":[{"href":"https:\/\/www.europesays.com\/de\/wp-json\/wp\/v2\/media?parent=156495"}],"wp:term":[{"taxonomy":"category","embeddable":true,"href":"https:\/\/www.europesays.com\/de\/wp-json\/wp\/v2\/categories?post=156495"},{"taxonomy":"post_tag","embeddable":true,"href":"https:\/\/www.europesays.com\/de\/wp-json\/wp\/v2\/tags?post=156495"}],"curies":[{"name":"wp","href":"https:\/\/api.w.org\/{rel}","templated":true}]}}