{"id":156547,"date":"2025-06-01T11:25:10","date_gmt":"2025-06-01T11:25:10","guid":{"rendered":"https:\/\/www.europesays.com\/de\/156547\/"},"modified":"2025-06-01T11:25:10","modified_gmt":"2025-06-01T11:25:10","slug":"buecher-bolzen-bubble-tea-in-der-achimer-stadtbibliothek","status":"publish","type":"post","link":"https:\/\/www.europesays.com\/de\/156547\/","title":{"rendered":"B\u00fccher, Bolzen, Bubble-Tea in der Achimer Stadtbibliothek"},"content":{"rendered":"<ol class=\"id-DonaldBreadcrumb lp_west_breadcrumb id-DonaldBreadcrumb--default\" data-k5a-pos=\"west_breadcrumb\">\n<li class=\"id-Breadcrumb-item\"><a href=\"https:\/\/www.kreiszeitung.de\/\" class=\"id-Breadcrumb-link\" data-id-ec=\"{\" shn=\"\" textlink=\"\" data-k5a-pos=\"1_startseite\" rel=\"nofollow noopener\" target=\"_blank\">Startseite<\/a><\/li>\n<li class=\"id-Breadcrumb-item\"><a href=\"https:\/\/www.kreiszeitung.de\/lokales\/\" class=\"id-Breadcrumb-link\" data-id-ec=\"{\" shn=\"\" textlink=\"\" data-k5a-pos=\"2_lokales\" rel=\"nofollow noopener\" target=\"_blank\">Lokales<\/a><\/li>\n<li class=\"id-Breadcrumb-item\"><a href=\"https:\/\/www.kreiszeitung.de\/lokales\/verden\/\" class=\"id-Breadcrumb-link\" data-id-ec=\"{\" shn=\"\" textlink=\"\" verden=\"\" data-k5a-pos=\"3_landkreisVerden\" rel=\"nofollow noopener\" target=\"_blank\">Landkreis Verden<\/a><\/li>\n<li class=\"id-Breadcrumb-item\"><a href=\"https:\/\/www.kreiszeitung.de\/lokales\/verden\/achim-ort44553\/\" class=\"id-Breadcrumb-link\" data-id-ec=\"{\" shn=\"\" textlink=\"\" data-k5a-pos=\"4_achim\" rel=\"nofollow noopener\" target=\"_blank\">Achim<\/a><\/li>\n<\/ol>\n<p class=\"id-Story-timestamp id-Story-timestamp--default\">Stand: 01.06.2025, 12:24 Uhr<\/p>\n<p class=\"id-Story-authors id-Story-authors--default\">Von: <a class=\"id-Story-authors-link lp_west_author\" href=\"https:\/\/www.kreiszeitung.de\/autor\/nina-baucke-swq5sbk9g.html\" title=\"Zur Autorenseite von Nina Baucke\" data-id-ec=\"{\" shn=\"\" author-link=\"\" baucke=\"\" data-k5a-pos=\"west_author\" rel=\"nofollow noopener\" target=\"_blank\">Nina Baucke<\/a><\/p>\n<p class=\"id-Story-interactionBar id-Story-interactionBar--default\">DruckenTeilen<\/p>\n<p><img decoding=\"async\" class=\"id-RatioPlaceholder-element wv_story_el_image\" src=\"https:\/\/www.europesays.com\/de\/wp-content\/uploads\/2025\/06\/35372432-foerdervereins-vorsitzender-ruediger-duerr-und-mitarbeiterin-inga-schulleri-begruessen-die-.jpeg\" loading=\"eager\" fetchpriority=\"high\"   height=\"619\" width=\"1100\" alt=\"F&#xF6;rdervereins-Vorsitzender R&#xFC;diger D&#xFC;rr und Mitarbeiterin Inga Schulleri begr&#xFC;&#xDF;en die Julianer zur Abschlussparty\"\/>Im vergangenen Jahr erlebte der Julius-Club, unter anderem bei der Abschlussparty mit R\u00fcdiger D\u00fcrr. \u00a9\u00a0sp (Archiv)<\/p>\n<p class=\"id-StoryElement-leadText\">Der Julius-Club l\u00e4dt auch diesmal wieder f\u00fcr die Sommerferien zum Lesen ein. Stadtbibliothek beteiligt sich an bundesweiter Aktion.  <\/p>\n<p class=\"id-StoryElement-paragraph\">Sommerferien und Lesen: F\u00fcr viele Kinder und Jugendliche zwischen elf und 14 Jahren geh\u00f6rt das einfach zusammen \u2013 im Julius-Club. An dem bundesweiten Projekt \u201eJugend liest und schreibt\u201c beteiligt sich auch die Stadtbibliothek Achim und bietet in der Zeit vom 20. Juni bis zum 22. August nicht nur eine Auswahl an Lesestoff, sondern auch an verschiedenen Aktivit\u00e4ten rund um die Lekt\u00fcre.<\/p>\n<p class=\"id-StoryElement-paragraph\">Das kommt an: Denn auch wenn die Teilnehmerzahl in den Corona-Jahren einen Knick nach unten erfahren hatte, \u201egeht es jetzt wieder aufw\u00e4rts\u201c, freut sich Inga Schulleri vom Bibliotheksteam. Auch, wenn das Lesen immer elektronischer wird: \u201eF\u00fcr viele ist das E-Book eine gute Alternative, vor allem, wenn sie l\u00e4nger in den Urlaub fahren, k\u00f6nnen sie einiges an B\u00fcchern mitnehmen.\u201c<\/p>\n<p>Gro\u00dfe Auswahl<\/p>\n<p class=\"id-StoryElement-paragraph\">Auswahl gibt es reichlich: Eine Jury hat 100 Titel ausgew\u00e4hlt, von denen die Julius-Teilnehmer beliebig viele lesen und bewerten k\u00f6nnen. \u201eF\u00fcr jeden Geschmack ist etwas dabei: Es gibt Romane, Sachb\u00fccher, Comics und Mangas \u2013 und es wurde auch darauf geachtet, dass einige B\u00fccher besonders leicht lesbar sind\u201c, hei\u00dft es in einer Pressemitteilung der Stadtbibliothek. <\/p>\n<p class=\"id-StoryElement-paragraph\">Neben dem Lesen von B\u00fcchern hat das Team der Stadtbibliothek f\u00fcr die Julius-Club-Leser ein abwechslungsreiches Programm zusammengestellt, das f\u00fcr die Clubmitglieder kostenlos ist. \u201eDas ist schon ein wichtiger Teil des Julius-Clubs, f\u00fcr viele Kinder macht erst das Programm den Club interessant\u201c, wei\u00df Schulleri. Zum Auftakt gibt es eine Party in der Stadtbibliothek am Freitag, 20. Juni, von 17.30 bis 19 Uhr. Dar\u00fcber hinaus unternimmt das Team mit den Kindern und Jugendlichen am 10. Juli einen Ausflug nach Bremen in die Indoor-Fu\u00dfballhalle \u201eBolzerei\u201c. Wer lieber zockt oder technisch interessiert ist, kann am 3. Juli an einem Smash-Bros.-Turnier teilnehmen, am 11. Juli eine Minecraft-Veranstaltung besuchen  oder am 8. August an einem 3D-Druck-Workshop teilnehmen.<\/p>\n<p>Aktionen begleiten das Angebot<\/p>\n<p class=\"id-StoryElement-paragraph\">Am 1. August erstellt das Team der Stadtbibliothek zusammen mit den Teilnehmern Instagram-Content f\u00fcr die Bibliothek, am 14. und 18. Juli gibt es f\u00fcr die Julius-Club-Mitglieder \u00dcberraschungsfilme und am 13. August mixen sie Cocktails und kreieren Bubble-Teas in den R\u00e4umen des Wave Clubs. Wer kreativ werden m\u00f6chte, hat am 25. Juli die M\u00f6glichkeit, ein eigenes Kartenspiel zu basteln, am 28. Juli die Fenster im Kinderbereich unter dem Motto \u201eHere and Queer\u201c regenbogenbunt zu bemalen oder am 12. August Lesezeichen mit Diamond Painting zu gestalten.<\/p>\n<p class=\"id-StoryElement-paragraph\">Alle Angebote sind in Flyern nachzulesen, die in der Stadtbibliothek ausliegen, dar\u00fcber sowie online ist ebenfalls eine Anmeldung m\u00f6glich: <a href=\"https:\/\/www.julius-club.de\/anmeldung\/\" rel=\"nofollow noopener\" target=\"_blank\" class=\"id-import-Link id-pageApi-Link--externalDomain\" data-id-ec=\"{&quot;sht&quot;:&quot;Container&quot;,&quot;shn&quot;:&quot;Story&quot;,&quot;p&quot;:{&quot;containerType&quot;:&quot;Paragraph&quot;,&quot;displayType&quot;:&quot;Paragraph InlineLink&quot;,&quot;type&quot;:&quot;INLINE_LINK&quot;,&quot;value&quot;:&quot;www.julius-club.de\/anmeldung&quot;,&quot;variant&quot;:&quot;standardLink&quot;,&quot;sponsored&quot;:false,&quot;linkHref&quot;:&quot;https:\/\/www.julius-club.de\/anmeldung\/&quot;,&quot;storyElementPosition&quot;:18,&quot;storyElementCount&quot;:21}}\">www.julius-club.de\/anmeldung<\/a>.<\/p>\n<p class=\"id-StoryElement-paragraph\">Wer mindestens zwei B\u00fccher gelesen und bewertet hat, bekommt auf der Abschlussparty am 22. August ein Diplom verliehen. Auch die Vielleserinnen und -leser des Jahres 2025 werden ausgezeichnet. Zum zweiten Mal wird der Klassenpreis f\u00fcr die aktuellen F\u00fcnftkl\u00e4ssler vergeben \u2013 die aktivste Klasse im Julius-Club erh\u00e4lt einen Gutschein f\u00fcr eine gemeinsame Unternehmung. Als aktiver Teilnehmer einer Klasse z\u00e4hlt jedes Kind, das angemeldet ist und mindestens zwei B\u00fccher gelesen sowie bewertet hat.<\/p>\n<p class=\"id-StoryElement-paragraph\">Aber nicht nur Kinder und Jugendliche ab elf Jahren sind gefragt: Als eigenst\u00e4ndige Aktion \u201eAchimer B\u00fccherkids\u201c lesen und bewerten Kinder mit Bibliotheksausweis im Alter zwischen sechs und zehn Jahre im Zeitraum vom 20. Juni bis 22. August B\u00fccher. Wenn sie mindestens zwei B\u00fccher gelesen haben, bekommen sie eine Urkunde. Die Auftaktparty der B\u00fccherkids steigt am 20. Juni  ab 15 Uhr, die Abschlussparty am 22. August ebenfalls um 15 Uhr. Anmeldungen sind m\u00f6glich \u2013 telefonisch unter 04202\/9529533, per E-Mail an\u00a0stadtbibliothek@stadt.achim.de\u00a0oder pers\u00f6nlich.<\/p>\n","protected":false},"excerpt":{"rendered":"Startseite Lokales Landkreis Verden Achim Stand: 01.06.2025, 12:24 Uhr Von: Nina Baucke DruckenTeilen Im vergangenen Jahr erlebte der&hellip;\n","protected":false},"author":2,"featured_media":156548,"comment_status":"","ping_status":"","sticky":false,"template":"","format":"standard","meta":{"footnotes":""},"categories":[1774],"tags":[1784,1785,29,214,30,215],"class_list":{"0":"post-156547","1":"post","2":"type-post","3":"status-publish","4":"format-standard","5":"has-post-thumbnail","7":"category-buecher","8":"tag-books","9":"tag-buecher","10":"tag-deutschland","11":"tag-entertainment","12":"tag-germany","13":"tag-unterhaltung"},"share_on_mastodon":{"url":"https:\/\/pubeurope.com\/@de\/114607864286434012","error":""},"_links":{"self":[{"href":"https:\/\/www.europesays.com\/de\/wp-json\/wp\/v2\/posts\/156547","targetHints":{"allow":["GET"]}}],"collection":[{"href":"https:\/\/www.europesays.com\/de\/wp-json\/wp\/v2\/posts"}],"about":[{"href":"https:\/\/www.europesays.com\/de\/wp-json\/wp\/v2\/types\/post"}],"author":[{"embeddable":true,"href":"https:\/\/www.europesays.com\/de\/wp-json\/wp\/v2\/users\/2"}],"replies":[{"embeddable":true,"href":"https:\/\/www.europesays.com\/de\/wp-json\/wp\/v2\/comments?post=156547"}],"version-history":[{"count":0,"href":"https:\/\/www.europesays.com\/de\/wp-json\/wp\/v2\/posts\/156547\/revisions"}],"wp:featuredmedia":[{"embeddable":true,"href":"https:\/\/www.europesays.com\/de\/wp-json\/wp\/v2\/media\/156548"}],"wp:attachment":[{"href":"https:\/\/www.europesays.com\/de\/wp-json\/wp\/v2\/media?parent=156547"}],"wp:term":[{"taxonomy":"category","embeddable":true,"href":"https:\/\/www.europesays.com\/de\/wp-json\/wp\/v2\/categories?post=156547"},{"taxonomy":"post_tag","embeddable":true,"href":"https:\/\/www.europesays.com\/de\/wp-json\/wp\/v2\/tags?post=156547"}],"curies":[{"name":"wp","href":"https:\/\/api.w.org\/{rel}","templated":true}]}}