{"id":156551,"date":"2025-06-01T11:27:11","date_gmt":"2025-06-01T11:27:11","guid":{"rendered":"https:\/\/www.europesays.com\/de\/156551\/"},"modified":"2025-06-01T11:27:11","modified_gmt":"2025-06-01T11:27:11","slug":"band-legt-sich-wegen-handy-nutzung-mit-eigenen-fans-an","status":"publish","type":"post","link":"https:\/\/www.europesays.com\/de\/156551\/","title":{"rendered":"Band legt sich wegen Handy-Nutzung mit eigenen Fans an"},"content":{"rendered":"<p><img decoding=\"async\" src=\"https:\/\/www.europesays.com\/de\/wp-content\/uploads\/2025\/06\/4274821954800632.jpeg\" fetchpriority=\"high\" width=\"1665\" height=\"1171\" alt=\"S\" data-image-id=\"4274821954800632\" class=\"watson-snippet__image bg-grey-10 block h-auto w-full \"\/><\/p>\n<p>Iron Maiden kommen dieses Jahr auch nach Deutschland.Bild: IMAGO\/Fotoarena<\/p>\n<p>Musik<\/p>\n<p>Handys auf Konzerten: ein Thema, das immer mehr an Brisanz gewinnt. Iron Maiden fordern ihre Fans auf, nicht w\u00e4hrend Shows zu filmen. Doch nicht alle halten sich bei den ersten Auftritten der neuen Tour daran.<\/p>\n<p>01.06.2025, 12:1601.06.2025, 12:16<\/p>\n<p><img decoding=\"async\" src=\"https:\/\/www.europesays.com\/de\/wp-content\/uploads\/2025\/04\/7025418733544881.jpeg\" alt=\"Jennifer Ullrich\" width=\"50\" height=\"50\" loading=\"lazy\" class=\"h-auto w-14 rounded-full\"\/><\/p>\n<p>Folgen<\/p>\n<p class=\"watson-snippet__text my-6 text-[16px] lg:text-[18px] leading-normal md:w-3\/5\">Volle R\u00e4nge, donnernde Riffs und ein neuer Mann am Schlagzeug: Iron Maiden haben in Budapest ihre gro\u00dfe Jubil\u00e4umstour gestartet \u2013 mit einem Auftakt, der ganz im Zeichen des Neuanfangs und der R\u00fcckbesinnung stand.<\/p>\n<p class=\"watson-snippet__text my-6 text-[16px] lg:text-[18px] leading-normal md:w-3\/5\"> Nach dem Ausstieg von Langzeit-Drummer Nicko McBrain feierte Simon Dawson seine Premiere und wurde vom Publikum sofort frenetisch aufgenommen.<\/p>\n<p class=\"watson-snippet__text my-6 text-[16px] lg:text-[18px] leading-normal md:w-3\/5\"><strong>Bandmanager Rod Smallwood meldete sich nach den ersten beiden Konzerten pers\u00f6nlich zu Wort, hatte f\u00fcr die Fans aber nicht nur positive Worte \u00fcbrig.<\/strong><\/p>\n<p>Iron-Maiden-Tour: Manager mit Nachricht an die Fans<\/p>\n<p class=\"watson-snippet__text my-6 text-[16px] lg:text-[18px] leading-normal md:w-3\/5\">In einem Statement auf der <a target=\"_blank\" rel=\"nofollow noopener\" href=\"https:\/\/www.ironmaiden.com\/thank-you-budapest-a-note-from-rod\/\" class=\"\">offiziellen Website<\/a> bedankt sich Smallwood zun\u00e4chst: &#8222;Was f\u00fcr ein Start in diese monumentale Tour \u2013 zwei ausverkaufte Shows in Budapest, einer meiner Lieblingsst\u00e4dte, mit leidenschaftlichen ungarischen Fans.&#8220;<\/p>\n<p class=\"watson-snippet__text my-6 text-[16px] lg:text-[18px] leading-normal md:w-3\/5\">Auch die vielen angereisten Maiden-Fans aus ganz Europa seien ein starkes Zeichen gewesen: &#8222;Fantastisch, wie viele sich schon vor dem ersten Konzert auf dem Heldenplatz versammelt haben.&#8220;<\/p>\n<p>Transparenzhinweis<\/p>\n<p>Dieser Artikel wurde von unserer Redaktion erstellt und \u00fcberpr\u00fcft. Dabei kamen auch KI-Tools zum Einsatz. Mehr Infos zu unserem Umgang mit KI gibt es <a href=\"https:\/\/www.watson.de\/ueber-uns\/149897906-kuenstliche-intelligenz-im-journalismus-die-regeln-der-watson-redaktion\" target=\"_blank\" rel=\"nofollow noopener\">hier<\/a>. Fragen oder Hinweise gerne an redaktion@watson.de.<\/p>\n<p class=\"watson-snippet__text my-6 text-[16px] lg:text-[18px] leading-normal md:w-3\/5\">Besonderes Lob richtete Smallwood an jene, die ihre Smartphones bewusst stecken lie\u00dfen:<\/p>\n<p>&#8222;Ein riesiges Dankesch\u00f6n an alle, die ihre Handys unten gehalten haben, die Band und die anderen Fans respektiert haben und die Show so erlebt haben, wie sie gedacht ist \u2013 im Moment, mit uns.&#8220;<\/p>\n<p class=\"watson-snippet__text my-6 text-[16px] lg:text-[18px] leading-normal md:w-3\/5\">F\u00fcr die wenigen, die dennoch durchgehend filmten, hatte er nur einen trockenen Gru\u00df parat: <strong>&#8222;Ich w\u00fcnsche euch nichts als einen sehr schmerzenden Arm.&#8220;<\/strong><\/p>\n<p>Handys auf Konzerten: Iron Maiden appellieren an ihre Fans<\/p>\n<p class=\"watson-snippet__text my-6 text-[16px] lg:text-[18px] leading-normal md:w-3\/5\">Der Hintergrund: Vor dem Start der Tour bat die Band um eingeschr\u00e4nkte Smartphone-Nutzung. &#8222;Wir m\u00f6chten wirklich, dass die Fans die Konzerte hautnah genie\u00dfen, anstatt sie nur auf ihren kleinen Bildschirmen zu sehen&#8220;, lautete die Ansage.<\/p>\n<p class=\"watson-snippet__text my-6 text-[16px] lg:text-[18px] leading-normal md:w-3\/5\"><strong>Ein echtes Handyverbot gibt es f\u00fcr die Shows allerdings nicht. <\/strong>Die Band Ghost ist da bereits einen Schritt weitergegangen, Smartphones m\u00fcssen w\u00e4hrend ihrer Konzerte in einer Tasche verstaut werden.<\/p>\n<p class=\"watson-snippet__text my-6 text-[16px] lg:text-[18px] leading-normal md:w-3\/5\">Die Tour von Iron Maiden tr\u00e4gt den Titel &#8222;Run For Your Lives&#8220; und ist Teil des 50-j\u00e4hrigen Bandjubil\u00e4ums. Die Setlist umfasst Songs aus neun Alben \u2013 von &#8222;Iron Maiden&#8220; bis &#8222;Fear of the Dark&#8220;.<\/p>\n<p class=\"watson-snippet__text my-6 text-[16px] lg:text-[18px] leading-normal md:w-3\/5\">Insgesamt sind 33 Shows in Stadien, Hallen und auf Festivals in Europa geplant. <strong>Deutsche Fans k\u00f6nnen sich auf Shows in Gelsenkirchen, Bremen, Frankfurt, Stuttgart und Berlin freuen.<\/strong><\/p>\n<p><a href=\"https:\/\/www.watson.de\/unterhaltung\/prominente\/128418745-let-s-dance-christian-polanc-nimmt-wohl-endgueltig-abschied\" aria-label=\"Zur Story\" class=\"watson-next-story__link absolute inset-0 z-10\" rel=\"nofollow noopener\" target=\"_blank\"><\/p>\n<p>Nach dem Finale der RTL-Tanzshow wird es traditionell etwas lockerer: Die Profi-Challenge l\u00e4dt dazu ein, die Spannung der letzten Wochen hinter sich zu lassen. Doch diesmal wird es sehr emotional.<\/p>\n<p class=\"watson-snippet__text my-6 text-[16px] lg:text-[18px] leading-normal md:w-3\/5\">Seit vielen Jahren geh\u00f6rt die Profi-Challenge fest zum &#8222;Let&#8217;s Dance&#8220;-Universum. <strong>Dabei treten die Profis in Paaren gegeneinander an, um sich einen Vorteil f\u00fcr die kommende Staffel zu sichern<\/strong> \u2013 und nat\u00fcrlich, um das Publikum zu begeistern. <\/p>\n","protected":false},"excerpt":{"rendered":"Iron Maiden kommen dieses Jahr auch nach Deutschland.Bild: IMAGO\/Fotoarena Musik Handys auf Konzerten: ein Thema, das immer mehr&hellip;\n","protected":false},"author":2,"featured_media":156552,"comment_status":"","ping_status":"","sticky":false,"template":"","format":"standard","meta":{"footnotes":""},"categories":[1772],"tags":[29,214,30,1779,810,215],"class_list":{"0":"post-156551","1":"post","2":"type-post","3":"status-publish","4":"format-standard","5":"has-post-thumbnail","7":"category-musik","8":"tag-deutschland","9":"tag-entertainment","10":"tag-germany","11":"tag-music","12":"tag-musik","13":"tag-unterhaltung"},"share_on_mastodon":{"url":"https:\/\/pubeurope.com\/@de\/114607872449219911","error":""},"_links":{"self":[{"href":"https:\/\/www.europesays.com\/de\/wp-json\/wp\/v2\/posts\/156551","targetHints":{"allow":["GET"]}}],"collection":[{"href":"https:\/\/www.europesays.com\/de\/wp-json\/wp\/v2\/posts"}],"about":[{"href":"https:\/\/www.europesays.com\/de\/wp-json\/wp\/v2\/types\/post"}],"author":[{"embeddable":true,"href":"https:\/\/www.europesays.com\/de\/wp-json\/wp\/v2\/users\/2"}],"replies":[{"embeddable":true,"href":"https:\/\/www.europesays.com\/de\/wp-json\/wp\/v2\/comments?post=156551"}],"version-history":[{"count":0,"href":"https:\/\/www.europesays.com\/de\/wp-json\/wp\/v2\/posts\/156551\/revisions"}],"wp:featuredmedia":[{"embeddable":true,"href":"https:\/\/www.europesays.com\/de\/wp-json\/wp\/v2\/media\/156552"}],"wp:attachment":[{"href":"https:\/\/www.europesays.com\/de\/wp-json\/wp\/v2\/media?parent=156551"}],"wp:term":[{"taxonomy":"category","embeddable":true,"href":"https:\/\/www.europesays.com\/de\/wp-json\/wp\/v2\/categories?post=156551"},{"taxonomy":"post_tag","embeddable":true,"href":"https:\/\/www.europesays.com\/de\/wp-json\/wp\/v2\/tags?post=156551"}],"curies":[{"name":"wp","href":"https:\/\/api.w.org\/{rel}","templated":true}]}}