{"id":156584,"date":"2025-06-01T11:46:15","date_gmt":"2025-06-01T11:46:15","guid":{"rendered":"https:\/\/www.europesays.com\/de\/156584\/"},"modified":"2025-06-01T11:46:15","modified_gmt":"2025-06-01T11:46:15","slug":"festival-maifeld-derby-trotzt-dem-regen-mannheim","status":"publish","type":"post","link":"https:\/\/www.europesays.com\/de\/156584\/","title":{"rendered":"Festival Maifeld Derby trotzt dem Regen &#8211; Mannheim"},"content":{"rendered":"<p><b>Die letzte Festivalausgabe ist am Samstag nicht dem (Un-)Wetter zu Opfer gefallen. Und Veranstalter Timo Kumpf hatte einen denkw\u00fcrdigen Auftritt. <\/b><\/p>\n<p>Die Gewitterfront hat sich am Samstag immer wieder verschoben, die Organisatoren des 14. <a class=\"rtr-entity\" data-rtr-entity=\"Maifeld\" data-rtr-id=\"c84de1189d237f7910d199caff38b453ce1a4d68\" data-rtr-score=\"11.628010704727922\" data-rtr-etype=\"location\" data-rtr-index=\"10\" href=\"https:\/\/www.rheinpfalz.de\/themen\/verbandsgemeinde-maifeld?utm_source=rheinpfalz.de&amp;utm_medium=tms&amp;utm_campaign=intext\" target=\"_blank\" rel=\"noopener\">Maifeld<\/a> Derbys rund um Veranstalter Timo Kumpf reagierten besonnen: So lange es blitzte, war auf den beiden Au\u00dfenb\u00fchnen Pause angesagt. So durfte Autor Hubertus Koch  auf der B\u00fchne \u201eParcours D\u2019Amour\u201c im \u00fcberdachten Reitstadion vor vollem Haus lesen, was er mit Humor meisterte. Nach rund einer Stunde war das Gel\u00e4nde wieder frei gegeben, einige Auftritte wurden nachgeholt.<\/p>\n<p>Ebenfalls auf dem Parcours D\u2019Amour verabschiedete sich Timo Kumpf, der das Festival nicht mehr fortf\u00fchren will,  dann auch \u00f6ffentlich: Er begleitete Konstantin Gropper f\u00fcr zwei Lieder am Bass.<\/p>\n<p><a href=\"https:\/\/www.rheinpfalz.de\/kultur_artikel,-gro%C3%9Fe-party-beim-letzten-mannheimer-maifeld-derby-_arid,5779201.html\" target=\"_blank\" class=\"external-link-new-window\" title=\"ARtikel \u00fctz Maifeld Derby 2025\" rel=\"noopener\">Lesen Sie hier mehr <\/a>\u00fcber die ersten beiden Festivaltage in Mannheim.<\/p>\n","protected":false},"excerpt":{"rendered":"Die letzte Festivalausgabe ist am Samstag nicht dem (Un-)Wetter zu Opfer gefallen. Und Veranstalter Timo Kumpf hatte einen&hellip;\n","protected":false},"author":2,"featured_media":156585,"comment_status":"","ping_status":"","sticky":false,"template":"","format":"standard","meta":{"footnotes":""},"categories":[1845],"tags":[1634,55029,3364,29,548,663,3934,55028,30,13,4060,53314,2096,14,15,12,53313],"class_list":{"0":"post-156584","1":"post","2":"type-post","3":"status-publish","4":"format-standard","5":"has-post-thumbnail","7":"category-mannheim","8":"tag-baden-wuerttemberg","9":"tag-damour","10":"tag-de","11":"tag-deutschland","12":"tag-eu","13":"tag-europa","14":"tag-europe","15":"tag-festivalausgabe","16":"tag-germany","17":"tag-headlines","18":"tag-lokal","19":"tag-maifeld","20":"tag-mannheim","21":"tag-nachrichten","22":"tag-news","23":"tag-schlagzeilen","24":"tag-timo-kumpf"},"share_on_mastodon":{"url":"https:\/\/pubeurope.com\/@de\/114607946866069056","error":""},"_links":{"self":[{"href":"https:\/\/www.europesays.com\/de\/wp-json\/wp\/v2\/posts\/156584","targetHints":{"allow":["GET"]}}],"collection":[{"href":"https:\/\/www.europesays.com\/de\/wp-json\/wp\/v2\/posts"}],"about":[{"href":"https:\/\/www.europesays.com\/de\/wp-json\/wp\/v2\/types\/post"}],"author":[{"embeddable":true,"href":"https:\/\/www.europesays.com\/de\/wp-json\/wp\/v2\/users\/2"}],"replies":[{"embeddable":true,"href":"https:\/\/www.europesays.com\/de\/wp-json\/wp\/v2\/comments?post=156584"}],"version-history":[{"count":0,"href":"https:\/\/www.europesays.com\/de\/wp-json\/wp\/v2\/posts\/156584\/revisions"}],"wp:featuredmedia":[{"embeddable":true,"href":"https:\/\/www.europesays.com\/de\/wp-json\/wp\/v2\/media\/156585"}],"wp:attachment":[{"href":"https:\/\/www.europesays.com\/de\/wp-json\/wp\/v2\/media?parent=156584"}],"wp:term":[{"taxonomy":"category","embeddable":true,"href":"https:\/\/www.europesays.com\/de\/wp-json\/wp\/v2\/categories?post=156584"},{"taxonomy":"post_tag","embeddable":true,"href":"https:\/\/www.europesays.com\/de\/wp-json\/wp\/v2\/tags?post=156584"}],"curies":[{"name":"wp","href":"https:\/\/api.w.org\/{rel}","templated":true}]}}