{"id":156606,"date":"2025-06-01T11:59:09","date_gmt":"2025-06-01T11:59:09","guid":{"rendered":"https:\/\/www.europesays.com\/de\/156606\/"},"modified":"2025-06-01T11:59:09","modified_gmt":"2025-06-01T11:59:09","slug":"ukraine-liveblog-klitschko-mit-menschenrechtspreis-geehrt","status":"publish","type":"post","link":"https:\/\/www.europesays.com\/de\/156606\/","title":{"rendered":"Ukraine-Liveblog: ++ Klitschko mit Menschenrechtspreis geehrt ++"},"content":{"rendered":"<p>                    <strong>liveblog<\/strong><\/p>\n<p class=\"metatextline\">Stand: 01.06.2025 12:54 Uhr<\/p>\n<p class=\"textabsatz columns twelve  m-ten  m-offset-one l-eight l-offset-two\">\n        <strong>Der Kiewer B\u00fcrgermeister Klitschko ist in Frankfurt mit einem Menschenrechtspreis geehrt worden. Aus seiner Stadt gibt es Berichte \u00fcber heftigen Beschuss mit Drohnen und Raketen.<\/strong>\n    <\/p>\n<p>12:54 Uhr<\/p>\n<p>    <a href=\"#Ukrainische-Soldaten-bei-Raketenangriff-getoetet\"><br \/>\n        Ukrainische Soldaten bei Raketenangriff get\u00f6tet<br \/>\n    <\/a><\/p>\n<p class=\"textabsatz m-ten m-offset-one l-eight l-offset-two columns twelve\">\nDurch einen russischen Raketenangriff sind nach ukrainischen Angaben am Sonntag mindestens zw\u00f6lf ukrainische Soldaten get\u00f6tet worden. Mehr als 60 weitere Menschen seien bei dem Angriff auf ein Trainingsgel\u00e4nde der ukrainischen Armee verletzt worden, erkl\u00e4rte die ukrainische Armee.\u00a0<\/p>\n<p class=\"textabsatz m-ten m-offset-one l-eight l-offset-two columns twelve\">\nRussland greift die Ukraine derzeit trotz der internationalen Bem\u00fchungen um eine Waffenruhe verst\u00e4rkt an. So hatte es massive Luftangriffe unter anderem auf Kiew und Odessa gegeben. In der Grenzregion Sumy im Osten wird zudem eine neue Offensive der russischen Armee bef\u00fcrchtet.\u00a0<\/p>\n<p>12:46 Uhr<\/p>\n<p>    <a href=\"#Klitschko\"><br \/>\n        Klitschko mit Menschenrechtspreis geehrt<br \/>\n    <\/a><\/p>\n<p class=\"textabsatz m-ten m-offset-one l-eight l-offset-two columns twelve\">\nDer B\u00fcrgermeister der ukrainischen Hauptstadt Kiew und fr\u00fchere Boxweltmeister Vitali Klitschko ist in der Frankfurter Paulskirche mit dem Franz-Werfel-Menschenrechtspreis 2025 geehrt worden. Klitschko erhalte die Auszeichnung f\u00fcr &#8222;seinen unerm\u00fcdlichen Einsatz f\u00fcr Freiheit, Demokratie und Menschenrechte&#8220;, begr\u00fcndete die Stiftung &#8222;Zentrum gegen Vertreibungen&#8220; die Wahl.<\/p>\n<p class=\"textabsatz m-ten m-offset-one l-eight l-offset-two columns twelve\">\nEr habe mit &#8222;Mut, Standhaftigkeit und Menschlichkeit&#8220; in Kriegszeiten die besondere Anerkennung verdient. Der mit 10.000 Euro dotierte Preis ehrt das Eintreten gegen Menschenrechtsverletzungen, etwa durch V\u00f6lkermord oder Vertreibung.<\/p>\n<p>12:00 Uhr<\/p>\n<p>    <a href=\"#Russland-spricht-von-Terrorakt\"><br \/>\n        Russland spricht von Terrorakt<br \/>\n    <\/a><\/p>\n<p class=\"textabsatz m-ten m-offset-one l-eight l-offset-two columns twelve\">\nDas russische Ermittlungskomitee stuft die Br\u00fcckeneinst\u00fcrze in Kursk und Brjansk mit Toten und Verletzten als Terrorakt ein. &#8222;Die angegebenen Vorf\u00e4lle wurden als terroristischer Akt qualifiziert&#8220;, sagte die Sprecherin des Ermittlungskomitees, Swetlana Petrenko demnach.<\/p>\n<p class=\"textabsatz m-ten m-offset-one l-eight l-offset-two columns twelve\">\nBei dem Vorfall in der s\u00fcdwestlichen Region Brjansk entgleiste durch den Br\u00fcckeneinsturz ein Personenzug, sieben Menschen wurden get\u00f6tet und mindestens 71 verletzt.<\/p>\n<p>10:15 Uhr<\/p>\n<p>    <a href=\"#Ermittlungskomitee-Explosion-sorgt-fuer-Brueckeneinsturz-in-Brjansk-und-Kursk\"><br \/>\n        Ermittlungskomitee: Explosion sorgt f\u00fcr Br\u00fcckeneinsturz in Brjansk und Kursk<br \/>\n    <\/a><\/p>\n<p class=\"textabsatz m-ten m-offset-one l-eight l-offset-two columns twelve\">\nDer Einsturz zweier Br\u00fccken am Wochenende in russischen Regionen an der Grenze zur Ukraine ist nach Angaben des russischen Ermittlungskomitees auf Explosionen zur\u00fcckzuf\u00fchren.<\/p>\n<p class=\"textabsatz m-ten m-offset-one l-eight l-offset-two columns twelve\">\nIn der s\u00fcdwestlichen Region Brjansk sei am sp\u00e4ten Samstagabend &#8222;eine Stra\u00dfenbr\u00fccke infolge einer Explosion&#8220; eingest\u00fcrzt, teilte das Ermittlerkomitee mit. Am fr\u00fchen Sonntagmorgen sei &#8222;eine Eisenbahnbr\u00fccke&#8220; in der Region Kursk &#8222;ebenfalls durch eine Explosion zerst\u00f6rt&#8220; worden, hie\u00df es weiter.<\/p>\n<p>10:02 Uhr<\/p>\n<p>    <a href=\"#Gouverneur-Bruecke-in-Region-Brjansk-wurde-gesprengt\"><br \/>\n        Gouverneur: Br\u00fccke in Region Brjansk wurde gesprengt<br \/>\n    <\/a><\/p>\n<p class=\"textabsatz m-ten m-offset-one l-eight l-offset-two columns twelve\">\nDer Einsturz einer Br\u00fccke in der russischen Region Brjansk an der Grenze zur Ukraine ist nach Angaben des amtierenden Gouverneurs Alexander Bogomas auf eine Explosion zur\u00fcckzuf\u00fchren. &#8222;Die Br\u00fccke wurde gesprengt, w\u00e4hrend der Zug von Klimowo nach Moskau mit 388 Passagieren an Bord die Stelle passierte&#8220;, zitiert die Nachrichtenagentur Interfax Bogomas aus einem Interview mit dem russischen \u00f6ffentlichen Rundfunk<\/p>\n<p>08:15 Uhr<\/p>\n<p>    <a href=\"#Zugbruecken\"><br \/>\n        Zweite Eisenbahnbr\u00fccke in Russland eingest\u00fcrzt<br \/>\n    <\/a><\/p>\n<p class=\"textabsatz m-ten m-offset-one l-eight l-offset-two columns twelve\">\nIn der an die Ukraine grenzenden und monatelang teilweise von ukrainischen Truppen besetzte Region Kursk ist in der Nacht nach einem Br\u00fcckeneinsturz ein G\u00fcterzug entgleist, wie der Gouverneur der Region, Alexander Chinschtejn bei Telegram mitteilte.<\/p>\n<p class=\"textabsatz m-ten m-offset-one l-eight l-offset-two columns twelve\">\nNach ersten Informationen sei der Lokf\u00fchrer verletzt worden. Die Ursache f\u00fcr den Br\u00fcckeneinsturz ist demnach noch unklar. Zuvor war bereits in der westrussischen Region Brjansk ein Personenzug infolge eines Einsturzes einer Stra\u00dfenbr\u00fccke entgleist.<\/p>\n<p class=\"textabsatz m-ten m-offset-one l-eight l-offset-two columns twelve\">\nDie Ukraine wehrt sich seit mehr als drei Jahren gegen einen russischen Angriffskrieg. Ukrainische Geheimdienste ver\u00fcben regelm\u00e4\u00dfig Sabotageakte und Anschl\u00e4ge auf russischem Gebiet.<\/p>\n<p>05:08 Uhr<\/p>\n<p>    <a href=\"#Ukraine-Kritische-Infrastruktur-in-Saporischschja-getroffen\"><br \/>\n        Ukraine: Kritische Infrastruktur in Saporischschja getroffen<br \/>\n    <\/a><\/p>\n<p class=\"textabsatz m-ten m-offset-one l-eight l-offset-two columns twelve\">\nDas russische Milit\u00e4r hat ukrainischen Angaben zufolge in der Nacht kritische Infrastruktur im Gebiet Saporischschja im S\u00fcden der Ukraine angegriffen. Dabei wurde ein Verwaltungsgeb\u00e4ude teilweise zerst\u00f6rt und ein Brand auf dem Gel\u00e4nde ausgel\u00f6st, wie der Chef der Gebietsverwaltung, Iwan Fjodorow, via Telegram mitteilte. Tote oder Verletzte wurden zun\u00e4chst nicht gemeldet. Fjodorow hatte zuvor \u00fcber Explosionen in der Region berichtet.<\/p>\n<p class=\"textabsatz m-ten m-offset-one l-eight l-offset-two columns twelve\">\nAuch aus Schytomyr, Tscherkassy und der Hauptstadt Kiew gab es Berichte \u00fcber heftigen Beschuss mit Drohnen und Raketen. Die Angaben lie\u00dfen sich nicht unabh\u00e4ngig pr\u00fcfen.<\/p>\n<p>02:40 Uhr<\/p>\n<p>    <a href=\"#Kiew\"><br \/>\n        Luftangriff auf Kiew<br \/>\n    <\/a><\/p>\n<p class=\"textabsatz m-ten m-offset-one l-eight l-offset-two columns twelve\">\nDie ukrainischen Luftabwehreinheiten sind in Kiew im Einsatz. Sie versuchen, einen russischen Luftangriff auf die Hauptstadt abzuwehren, schreibt B\u00fcrgermeister Vitali Klitschko auf Telegram.<\/p>\n<p>02:07 Uhr<\/p>\n<p>    <a href=\"#Berichte-ueber-Explosion-vor-Zugunglueck-in-Russland\"><br \/>\n        Berichte \u00fcber Explosion vor Zugungl\u00fcck in Russland<br \/>\n    <\/a><\/p>\n<p class=\"textabsatz m-ten m-offset-one l-eight l-offset-two columns twelve\">\nIn der russischen Region Brjansk an der Grenze zur Ukraine ist laut \u00f6rtlichen Beh\u00f6rden ein Zug in Folge eines Br\u00fcckeneinsturzes entgleist. Es gibt Todesopfer. Der russische Telegram-Kanal Baza, der den Russlands Sicherheitskr\u00e4ften nahe zu stehen scheint, meldet eine Sprengung der Br\u00fccke. Bislang gibt es keine Hinweise auf eine Verbindung zum russischen Angriffskrieg gegen die Ukraine. Aus der Ukraine liegt keine Stellungnahme vor.<\/p>\n","protected":false},"excerpt":{"rendered":"liveblog Stand: 01.06.2025 12:54 Uhr Der Kiewer B\u00fcrgermeister Klitschko ist in Frankfurt mit einem Menschenrechtspreis geehrt worden. Aus&hellip;\n","protected":false},"author":2,"featured_media":156607,"comment_status":"","ping_status":"","sticky":false,"template":"","format":"standard","meta":{"footnotes":""},"categories":[4012],"tags":[331,332,13,3272,14,15,12,317],"class_list":{"0":"post-156606","1":"post","2":"type-post","3":"status-publish","4":"format-standard","5":"has-post-thumbnail","7":"category-ukraine","8":"tag-aktuelle-nachrichten","9":"tag-aktuelle-news","10":"tag-headlines","11":"tag-liveblog","12":"tag-nachrichten","13":"tag-news","14":"tag-schlagzeilen","15":"tag-ukraine"},"share_on_mastodon":{"url":"https:\/\/pubeurope.com\/@de\/114607998233451424","error":""},"_links":{"self":[{"href":"https:\/\/www.europesays.com\/de\/wp-json\/wp\/v2\/posts\/156606","targetHints":{"allow":["GET"]}}],"collection":[{"href":"https:\/\/www.europesays.com\/de\/wp-json\/wp\/v2\/posts"}],"about":[{"href":"https:\/\/www.europesays.com\/de\/wp-json\/wp\/v2\/types\/post"}],"author":[{"embeddable":true,"href":"https:\/\/www.europesays.com\/de\/wp-json\/wp\/v2\/users\/2"}],"replies":[{"embeddable":true,"href":"https:\/\/www.europesays.com\/de\/wp-json\/wp\/v2\/comments?post=156606"}],"version-history":[{"count":0,"href":"https:\/\/www.europesays.com\/de\/wp-json\/wp\/v2\/posts\/156606\/revisions"}],"wp:featuredmedia":[{"embeddable":true,"href":"https:\/\/www.europesays.com\/de\/wp-json\/wp\/v2\/media\/156607"}],"wp:attachment":[{"href":"https:\/\/www.europesays.com\/de\/wp-json\/wp\/v2\/media?parent=156606"}],"wp:term":[{"taxonomy":"category","embeddable":true,"href":"https:\/\/www.europesays.com\/de\/wp-json\/wp\/v2\/categories?post=156606"},{"taxonomy":"post_tag","embeddable":true,"href":"https:\/\/www.europesays.com\/de\/wp-json\/wp\/v2\/tags?post=156606"}],"curies":[{"name":"wp","href":"https:\/\/api.w.org\/{rel}","templated":true}]}}