{"id":156612,"date":"2025-06-01T12:02:12","date_gmt":"2025-06-01T12:02:12","guid":{"rendered":"https:\/\/www.europesays.com\/de\/156612\/"},"modified":"2025-06-01T12:02:12","modified_gmt":"2025-06-01T12:02:12","slug":"ffk-urlaub-in-frankreich-mannheimer-stadtrat-hat-22-zusagen-fuer-sex-reise","status":"publish","type":"post","link":"https:\/\/www.europesays.com\/de\/156612\/","title":{"rendered":"FFK-Urlaub in Frankreich: Mannheimer Stadtrat hat 22 Zusagen f\u00fcr Sex-Reise"},"content":{"rendered":"<p>                    FFK-Urlaub in Frankreich<br \/>\n                Mannheimer Stadtrat hat 22 Zusagen f\u00fcr Sex-Reise<\/p>\n<p>\t\t\t\t              01.06.2025, 11:41 Uhr<\/p>\n<p>\t\t\t\t\t       Artikel anh\u00f6ren<\/p>\n<p>\t\t\t\t\t\t\tDiese Audioversion wurde k\u00fcnstlich generiert. <a href=\"https:\/\/www.n-tv.de\/23249898\" target=\"_blank\" rel=\"noopener\">Mehr Infos<\/a><\/p>\n<p><strong>Ein Mannheimer Lokalpolitiker bekommt Zuspruch f\u00fcr eine ungew\u00f6hnliche Idee. Er will einen FKK-Swinger-Urlaub in Frankreich machen. Interesse gibt es aus ganz Deutschland. Jetzt sagt er, wie es weitergeht.<\/strong><\/p>\n<p>Nach Verstreichen der Anmeldefrist f\u00fcr seinen &#8222;FKK-Swinger-Urlaub mit interessantem Politik-Programm&#8220; zeigt sich der Mannheimer Stadtrat Julien Ferrat (Die Mannheimer) mit den R\u00fcckmeldungen zufrieden. Mit ihm gebe es 22 Zusagen, sagt Ferrat. Insgesamt h\u00e4tten sich 75 Interessenten gemeldet. Bei einigen sei noch unklar, ob sie von ihrem Arbeitgeber freibekommen.<\/p>\n<p>Im Bereich der verbindlichen Zusagen seien sechs Personen aus Mannheim, drei Personen aus dem benachbarten Rhein-Neckar-Kreis und zwei Personen aus dem benachbarten Rhein-Pfalz-Kreis. Der Rest komme aus Deutschland quer \u00fcber die Republik verteilt. &#8222;Insgesamt sind wir 14 M\u00e4nner und acht Frauen. Ich bin froh, dass wir eine illustre Reisegruppe geworden sind.&#8220;<\/p>\n<p>Ferrat hatte Mitte Mai eine Anzeige im Amtsblatt ver\u00f6ffentlicht und dabei zu einer &#8222;Politischen Bildungsfahrt nach Cap d&#8217;Agde&#8220; aufgerufen. Zu Cap d&#8217;Agde an der franz\u00f6sischen Mittelmeerk\u00fcste geh\u00f6rt die FKK-Anlage Village Naturiste. Ein Bild zum Artikel zeigte Ferrat nackt am Strand &#8211; sein Geschlechtsteil bedeckte er nur mit einem Schild mit der Aufschrift &#8222;Die Mannheimer im Gemeinderat&#8220;. Im August soll es laut Ferrat acht Tage nach Frankreich gehen. Die Reisekosten trage jeder Teilnehmer selbst.<\/p>\n<p>Ferrat hat nach eigener Aussage bereits eine H\u00fctte f\u00fcr zehn Personen in der FKK-Anlage gebucht. Er m\u00f6chte demnach bevorzugt Menschen aus Mannheim darin unterbringen. Die Nicht-Mannheimer wolle er miteinander in Kontakt bringen, damit diese sich dann selbst eine Unterkunft anmieten k\u00f6nnten.<\/p>\n<p>Der 33-J\u00e4hrige ist Alleinstadtrat, studierter Sozialwissenschaftler und im Online-Handel t\u00e4tig. Genauer will er seine berufliche T\u00e4tigkeit nicht beschreiben.<\/p>\n<p>CDU kritisierte den Aufruf als &#8222;hirnverbrannt&#8220;<\/p>\n<p>Die CDU hatte den Beitrag im Amtsblatt scharf kritisiert. &#8222;Ich finde den Aufruf an der Stelle hirnverbrannt, weil ich glaube, dass er der Politik eher schadet&#8220;, sagte Christian H\u00f6tting, CDU-Kreisvorsitzender in Mannheim und Stadtrat. Die Stadtverwaltung hielt sich mit einer Bewertung des Beitrags zur\u00fcck. <\/p>\n<p>Vor dem Trip nach Frankreich soll es laut Ferrat auch noch das in der Anzeige bereits angek\u00fcndigte &#8222;Trainingslager mit Outdoor-Sex am FKK-Strand&#8220; in Mannheim geben. Dieses finde unter Ausschluss der Medien\u00f6ffentlichkeit statt. &#8222;Zum einen gilt es die Privatsph\u00e4re der Teilnehmer zu sch\u00fctzen. Zum anderen wollen wir uns ungest\u00f6rt auf die acht Tage Ausdauersport vorbereiten. Wir wollen als eingespieltes Team nach Cap d&#8217;Agde anreisen und in den acht Tagen gut performen&#8220;, sagte Ferrat.<\/p>\n","protected":false},"excerpt":{"rendered":"FFK-Urlaub in Frankreich Mannheimer Stadtrat hat 22 Zusagen f\u00fcr Sex-Reise 01.06.2025, 11:41 Uhr Artikel anh\u00f6ren Diese Audioversion wurde&hellip;\n","protected":false},"author":2,"featured_media":156613,"comment_status":"","ping_status":"","sticky":false,"template":"","format":"standard","meta":{"footnotes":""},"categories":[3974],"tags":[331,332,548,663,3934,37885,3980,156,13,984,2096,14,15,12,822,631],"class_list":{"0":"post-156612","1":"post","2":"type-post","3":"status-publish","4":"format-standard","5":"has-post-thumbnail","7":"category-frankreich","8":"tag-aktuelle-nachrichten","9":"tag-aktuelle-news","10":"tag-eu","11":"tag-europa","12":"tag-europe","13":"tag-fkk","14":"tag-france","15":"tag-frankreich","16":"tag-headlines","17":"tag-international","18":"tag-mannheim","19":"tag-nachrichten","20":"tag-news","21":"tag-schlagzeilen","22":"tag-sex","23":"tag-urlaub"},"share_on_mastodon":{"url":"https:\/\/pubeurope.com\/@de\/114608009872156545","error":""},"_links":{"self":[{"href":"https:\/\/www.europesays.com\/de\/wp-json\/wp\/v2\/posts\/156612","targetHints":{"allow":["GET"]}}],"collection":[{"href":"https:\/\/www.europesays.com\/de\/wp-json\/wp\/v2\/posts"}],"about":[{"href":"https:\/\/www.europesays.com\/de\/wp-json\/wp\/v2\/types\/post"}],"author":[{"embeddable":true,"href":"https:\/\/www.europesays.com\/de\/wp-json\/wp\/v2\/users\/2"}],"replies":[{"embeddable":true,"href":"https:\/\/www.europesays.com\/de\/wp-json\/wp\/v2\/comments?post=156612"}],"version-history":[{"count":0,"href":"https:\/\/www.europesays.com\/de\/wp-json\/wp\/v2\/posts\/156612\/revisions"}],"wp:featuredmedia":[{"embeddable":true,"href":"https:\/\/www.europesays.com\/de\/wp-json\/wp\/v2\/media\/156613"}],"wp:attachment":[{"href":"https:\/\/www.europesays.com\/de\/wp-json\/wp\/v2\/media?parent=156612"}],"wp:term":[{"taxonomy":"category","embeddable":true,"href":"https:\/\/www.europesays.com\/de\/wp-json\/wp\/v2\/categories?post=156612"},{"taxonomy":"post_tag","embeddable":true,"href":"https:\/\/www.europesays.com\/de\/wp-json\/wp\/v2\/tags?post=156612"}],"curies":[{"name":"wp","href":"https:\/\/api.w.org\/{rel}","templated":true}]}}