{"id":156614,"date":"2025-06-01T12:03:49","date_gmt":"2025-06-01T12:03:49","guid":{"rendered":"https:\/\/www.europesays.com\/de\/156614\/"},"modified":"2025-06-01T12:03:49","modified_gmt":"2025-06-01T12:03:49","slug":"europe-2025-richard-socher-spricht-mit-jochen-wegner-ueber-europaeische-souveraenitaet","status":"publish","type":"post","link":"https:\/\/www.europesays.com\/de\/156614\/","title":{"rendered":"Europe 2025: Richard Socher spricht mit Jochen Wegner \u00fcber europ\u00e4ische Souver\u00e4nit\u00e4t"},"content":{"rendered":"<p>                Schlie\u00dfen<br \/>\n                Artikelzusammenfassung<\/p>\n<p>Das Gespr\u00e4ch zwischen Richard Socher und dem ZEIT-ONLINE-Chefredakteur Jochen Wegner ist ein Highlight der Konferenz &#8222;EUROPE 2025&#8220;, organisiert von DIE ZEIT, Handelsblatt, Tagesspiegel und WirtschaftsWoche. Weitere Informationen zur Konferenz sind hier verf\u00fcgbar.<\/p>\n<p>                Dies ist ein experimentelles Tool. Die Resultate k\u00f6nnen unvollst\u00e4ndig, veraltet oder sogar falsch sein.<\/p>\n<p class=\"summy__feedback-paragraph\">Fanden Sie die Zusammenfassung hilfreich? <\/p>\n<p>                        Gef\u00e4llt mir<\/p>\n<p>                        Gef\u00e4llt mir<\/p>\n<p>                        Gef\u00e4llt mir nicht<\/p>\n<p>                        Gef\u00e4llt mir nicht<\/p>\n<p>                        Send<\/p>\n","protected":false},"excerpt":{"rendered":"Schlie\u00dfen Artikelzusammenfassung Das Gespr\u00e4ch zwischen Richard Socher und dem ZEIT-ONLINE-Chefredakteur Jochen Wegner ist ein Highlight der Konferenz &#8222;EUROPE&hellip;\n","protected":false},"author":2,"featured_media":156615,"comment_status":"","ping_status":"","sticky":false,"template":"","format":"standard","meta":{"footnotes":""},"categories":[3933],"tags":[331,332,1081,548,663,158,3934,8719,3935,13,1256,14,15,16,12,28489,425],"class_list":{"0":"post-156614","1":"post","2":"type-post","3":"status-publish","4":"format-standard","5":"has-post-thumbnail","7":"category-eu","8":"tag-aktuelle-nachrichten","9":"tag-aktuelle-news","10":"tag-digitalisierung","11":"tag-eu","12":"tag-europa","13":"tag-europaeische-union","14":"tag-europe","15":"tag-europe-2025","16":"tag-european-union","17":"tag-headlines","18":"tag-kuenstliche-intelligenz","19":"tag-nachrichten","20":"tag-news","21":"tag-politik","22":"tag-schlagzeilen","23":"tag-souveraenitaet","24":"tag-technologie"},"share_on_mastodon":{"url":"https:\/\/pubeurope.com\/@de\/114608017732047522","error":""},"_links":{"self":[{"href":"https:\/\/www.europesays.com\/de\/wp-json\/wp\/v2\/posts\/156614","targetHints":{"allow":["GET"]}}],"collection":[{"href":"https:\/\/www.europesays.com\/de\/wp-json\/wp\/v2\/posts"}],"about":[{"href":"https:\/\/www.europesays.com\/de\/wp-json\/wp\/v2\/types\/post"}],"author":[{"embeddable":true,"href":"https:\/\/www.europesays.com\/de\/wp-json\/wp\/v2\/users\/2"}],"replies":[{"embeddable":true,"href":"https:\/\/www.europesays.com\/de\/wp-json\/wp\/v2\/comments?post=156614"}],"version-history":[{"count":0,"href":"https:\/\/www.europesays.com\/de\/wp-json\/wp\/v2\/posts\/156614\/revisions"}],"wp:featuredmedia":[{"embeddable":true,"href":"https:\/\/www.europesays.com\/de\/wp-json\/wp\/v2\/media\/156615"}],"wp:attachment":[{"href":"https:\/\/www.europesays.com\/de\/wp-json\/wp\/v2\/media?parent=156614"}],"wp:term":[{"taxonomy":"category","embeddable":true,"href":"https:\/\/www.europesays.com\/de\/wp-json\/wp\/v2\/categories?post=156614"},{"taxonomy":"post_tag","embeddable":true,"href":"https:\/\/www.europesays.com\/de\/wp-json\/wp\/v2\/tags?post=156614"}],"curies":[{"name":"wp","href":"https:\/\/api.w.org\/{rel}","templated":true}]}}