{"id":156638,"date":"2025-06-01T12:16:08","date_gmt":"2025-06-01T12:16:08","guid":{"rendered":"https:\/\/www.europesays.com\/de\/156638\/"},"modified":"2025-06-01T12:16:08","modified_gmt":"2025-06-01T12:16:08","slug":"21-jaehriger-laeuft-mit-hakenkreuz-kette-durch-dresden","status":"publish","type":"post","link":"https:\/\/www.europesays.com\/de\/156638\/","title":{"rendered":"21-J\u00e4hriger l\u00e4uft mit Hakenkreuz-Kette durch Dresden"},"content":{"rendered":"<p class=\"font-large\">In Dresdens gr\u00fcner Lunge, dem Gro\u00dfen Garten, f\u00e4llt Spazierg\u00e4ngern ein Mann auf. Er tr\u00e4gt eine Kette mit Hakenkreuz. Sie rufen die Polizei &#8211; Beamte finden noch einen verbotenen Gegenstand bei ihm.<\/p>\n<p>Mit einer Kette mit Hakenkreuz als Anh\u00e4nger ist ein 21-J\u00e4hriger durch den belebten Gro\u00dfen Garten in Dresden gelaufen. Spazierg\u00e4nger, denen das am Samstagnachmittag auffiel, informierten die Polizei. Beamte machten laut Mitteilung wenig sp\u00e4ter den jungen Mann ausfindig und stellten fest, dass er neben dem verbotenen Nazi-Symbol ein ebenfalls verbotenes Messer bei sich hatte. Beides wurde sichergestellt. Gegen den 21-J\u00e4hrigen wird wegen des Verwendens von Kennzeichen verfassungswidriger Organisationen sowie des Versto\u00dfes gegen das Waffengesetz ermittelt.<\/p>\n<p>Copyright 2025, dpa (www.dpa.de). Alle Rechte vorbehalten<\/p>\n","protected":false},"excerpt":{"rendered":"In Dresdens gr\u00fcner Lunge, dem Gro\u00dfen Garten, f\u00e4llt Spazierg\u00e4ngern ein Mann auf. Er tr\u00e4gt eine Kette mit Hakenkreuz.&hellip;\n","protected":false},"author":2,"featured_media":156639,"comment_status":"","ping_status":"","sticky":false,"template":"","format":"standard","meta":{"footnotes":""},"categories":[1835],"tags":[3364,29,2386,1549,30,177,859],"class_list":{"0":"post-156638","1":"post","2":"type-post","3":"status-publish","4":"format-standard","5":"has-post-thumbnail","7":"category-dresden","8":"tag-de","9":"tag-deutschland","10":"tag-dresden","11":"tag-extremismus","12":"tag-germany","13":"tag-kriminalitt","14":"tag-sachsen"},"share_on_mastodon":{"url":"https:\/\/pubeurope.com\/@de\/114608064902879446","error":""},"_links":{"self":[{"href":"https:\/\/www.europesays.com\/de\/wp-json\/wp\/v2\/posts\/156638","targetHints":{"allow":["GET"]}}],"collection":[{"href":"https:\/\/www.europesays.com\/de\/wp-json\/wp\/v2\/posts"}],"about":[{"href":"https:\/\/www.europesays.com\/de\/wp-json\/wp\/v2\/types\/post"}],"author":[{"embeddable":true,"href":"https:\/\/www.europesays.com\/de\/wp-json\/wp\/v2\/users\/2"}],"replies":[{"embeddable":true,"href":"https:\/\/www.europesays.com\/de\/wp-json\/wp\/v2\/comments?post=156638"}],"version-history":[{"count":0,"href":"https:\/\/www.europesays.com\/de\/wp-json\/wp\/v2\/posts\/156638\/revisions"}],"wp:featuredmedia":[{"embeddable":true,"href":"https:\/\/www.europesays.com\/de\/wp-json\/wp\/v2\/media\/156639"}],"wp:attachment":[{"href":"https:\/\/www.europesays.com\/de\/wp-json\/wp\/v2\/media?parent=156638"}],"wp:term":[{"taxonomy":"category","embeddable":true,"href":"https:\/\/www.europesays.com\/de\/wp-json\/wp\/v2\/categories?post=156638"},{"taxonomy":"post_tag","embeddable":true,"href":"https:\/\/www.europesays.com\/de\/wp-json\/wp\/v2\/tags?post=156638"}],"curies":[{"name":"wp","href":"https:\/\/api.w.org\/{rel}","templated":true}]}}